{"id":7829,"date":"2023-05-30T16:07:00","date_gmt":"2023-05-30T14:07:00","guid":{"rendered":"https:\/\/solarlehre.ch\/praktika-me-nje-diplome-profesionale-cfare-duhet-te-di\/"},"modified":"2024-08-15T15:12:58","modified_gmt":"2024-08-15T13:12:58","slug":"praktika-me-nje-diplome-profesionale-cfare-duhet-te-di","status":"publish","type":"post","link":"https:\/\/solarlehre.ch\/sq\/praktika-me-nje-diplome-profesionale-cfare-duhet-te-di\/","title":{"rendered":"M\u00ebsim profesioni me matur\u00eb profesionale &#8211; \u00e7far\u00eb duhet t\u00eb di un\u00eb?"},"content":{"rendered":"","protected":false},"excerpt":{"rendered":"<p>T\u00eb b\u00ebj matur\u00ebn profesionale? Me m\u00ebsimin e profesionit si instalues:e panelesh diellore, nuk ka asnj\u00eb problem! Gjith\u00e7ka q\u00eb \u00ebsht\u00eb e nevojshme p\u00ebr k\u00ebt\u00eb jan\u00eb notat e mira n\u00eb Sek, nj\u00eb nd\u00ebrmarrje p\u00ebr m\u00ebsimin e profesionit e cila \u00ebsht\u00eb dakord dhe motivimi, t\u00eb jap\u00ebsh pak m\u00eb tep\u00ebr gaz sesa mesatarisht. <\/p>\n<p>Matur\u00ebn profesionale ti mund ta b\u00ebsh jo vet\u00ebm gjat\u00eb por edhe pas m\u00ebsimit t\u00eb profesionit. At\u00ebher\u00eb ajo zgjat nj\u00eb vit, n\u00ebse ti shkon n\u00eb shkoll\u00eb me orar t\u00eb plot\u00eb dhe nj\u00eb vit e gjysm\u00eb deri n\u00eb dy vjet, n\u00ebse ti paralelisht punon. Me diplom\u00ebn, ty t\u00eb q\u00ebndrojn\u00eb t\u00eb hapura shum\u00eb mund\u00ebsi profesionale: N\u00ebse ti ke matur\u00ebn profesionale, mund t\u00eb shkosh t\u00eb studiosh direkt n\u00eb shkoll\u00ebn e lart\u00eb profesionale. Madje \u00ebsht\u00eb i mundur edhe nj\u00eb studim n\u00eb universitet: P\u00ebr k\u00ebt\u00eb ty t\u00eb nevojitet vet\u00ebm nj\u00eb e ashtuquajtur \u201cPasserelle\u201d [provim shtes\u00eb mbi matur\u00ebn profesionale] nj\u00ebvje\u00e7are. <\/p>\n","protected":false},"author":2,"featured_media":7830,"comment_status":"open","ping_status":"open","sticky":false,"template":"","format":"standard","meta":{"_acf_changed":false,"footnotes":""},"categories":[70],"tags":[],"class_list":["post-7829","post","type-post","status-publish","format-standard","has-post-thumbnail","hentry","category-unkategorisiert"],"acf":[],"yoast_head":"<!-- This site is optimized with the Yoast SEO plugin v27.0 - https:\/\/yoast.com\/product\/yoast-seo-wordpress\/ -->\n<title>M\u00ebsim profesioni me matur\u00eb profesionale - \u00e7far\u00eb duhet t\u00eb di un\u00eb? - teoria diellore<\/title>\n<meta name=\"description\" content=\"Ka diplom\u00eb profesionale? Nuk ka problem me nj\u00eb stazh si instalues \u200b\u200bdiellor! Ju mund t\u00eb zbuloni gjith\u00e7ka q\u00eb duhet t\u00eb b\u00ebni n\u00eb k\u00ebt\u00eb artikull.\" \/>\n<meta name=\"robots\" content=\"index, follow, max-snippet:-1, max-image-preview:large, max-video-preview:-1\" \/>\n<link rel=\"canonical\" href=\"https:\/\/solarlehre.ch\/sq\/praktika-me-nje-diplome-profesionale-cfare-duhet-te-di\/\" \/>\n<meta property=\"og:locale\" content=\"sq_AL\" \/>\n<meta property=\"og:type\" content=\"article\" \/>\n<meta property=\"og:title\" content=\"M\u00ebsim profesioni me matur\u00eb profesionale - \u00e7far\u00eb duhet t\u00eb di un\u00eb? - teoria diellore\" \/>\n<meta property=\"og:description\" content=\"Ka diplom\u00eb profesionale? Nuk ka problem me nj\u00eb stazh si instalues \u200b\u200bdiellor! Ju mund t\u00eb zbuloni gjith\u00e7ka q\u00eb duhet t\u00eb b\u00ebni n\u00eb k\u00ebt\u00eb artikull.\" \/>\n<meta property=\"og:url\" content=\"https:\/\/solarlehre.ch\/sq\/praktika-me-nje-diplome-profesionale-cfare-duhet-te-di\/\" \/>\n<meta property=\"og:site_name\" content=\"Solarlehre - Lerne Solarinstallateur:in\" \/>\n<meta property=\"article:published_time\" content=\"2023-05-30T14:07:00+00:00\" \/>\n<meta property=\"article:modified_time\" content=\"2024-08-15T13:12:58+00:00\" \/>\n<meta property=\"og:image\" content=\"https:\/\/solarlehre.ch\/wp-content\/uploads\/2023\/06\/SOLA-Blog-Berufsmatura-1_Dauer.png\" \/>\n\t<meta property=\"og:image:width\" content=\"650\" \/>\n\t<meta property=\"og:image:height\" content=\"650\" \/>\n\t<meta property=\"og:image:type\" content=\"image\/png\" \/>\n<meta name=\"author\" content=\"molotow admin\" \/>\n<meta name=\"twitter:card\" content=\"summary_large_image\" \/>\n<meta name=\"twitter:label1\" content=\"Written by\" \/>\n\t<meta name=\"twitter:data1\" content=\"molotow admin\" \/>\n<script type=\"application\/ld+json\" class=\"yoast-schema-graph\">{\"@context\":\"https:\/\/schema.org\",\"@graph\":[{\"@type\":\"Article\",\"@id\":\"https:\/\/solarlehre.ch\/sq\/praktika-me-nje-diplome-profesionale-cfare-duhet-te-di\/#article\",\"isPartOf\":{\"@id\":\"https:\/\/solarlehre.ch\/sq\/praktika-me-nje-diplome-profesionale-cfare-duhet-te-di\/\"},\"author\":{\"name\":\"molotow admin\",\"@id\":\"https:\/\/solarlehre.ch\/sq\/#\/schema\/person\/c4113b35e9b058c8996fc437e7aadc9e\"},\"headline\":\"M\u00ebsim profesioni me matur\u00eb profesionale &#8211; \u00e7far\u00eb duhet t\u00eb di un\u00eb?\",\"datePublished\":\"2023-05-30T14:07:00+00:00\",\"dateModified\":\"2024-08-15T13:12:58+00:00\",\"mainEntityOfPage\":{\"@id\":\"https:\/\/solarlehre.ch\/sq\/praktika-me-nje-diplome-profesionale-cfare-duhet-te-di\/\"},\"wordCount\":12,\"commentCount\":0,\"publisher\":{\"@id\":\"https:\/\/solarlehre.ch\/sq\/#organization\"},\"image\":{\"@id\":\"https:\/\/solarlehre.ch\/sq\/praktika-me-nje-diplome-profesionale-cfare-duhet-te-di\/#primaryimage\"},\"thumbnailUrl\":\"https:\/\/solarlehre.ch\/wp-content\/uploads\/2023\/06\/SOLA-Blog-Berufsmatura-1_Dauer.png\",\"articleSection\":[\"P\u00ebrgjith\u00ebsisht\"],\"inLanguage\":\"sq-AL\",\"potentialAction\":[{\"@type\":\"CommentAction\",\"name\":\"Comment\",\"target\":[\"https:\/\/solarlehre.ch\/sq\/praktika-me-nje-diplome-profesionale-cfare-duhet-te-di\/#respond\"]}]},{\"@type\":\"WebPage\",\"@id\":\"https:\/\/solarlehre.ch\/sq\/praktika-me-nje-diplome-profesionale-cfare-duhet-te-di\/\",\"url\":\"https:\/\/solarlehre.ch\/sq\/praktika-me-nje-diplome-profesionale-cfare-duhet-te-di\/\",\"name\":\"M\u00ebsim profesioni me matur\u00eb profesionale - \u00e7far\u00eb duhet t\u00eb di un\u00eb? - teoria diellore\",\"isPartOf\":{\"@id\":\"https:\/\/solarlehre.ch\/sq\/#website\"},\"primaryImageOfPage\":{\"@id\":\"https:\/\/solarlehre.ch\/sq\/praktika-me-nje-diplome-profesionale-cfare-duhet-te-di\/#primaryimage\"},\"image\":{\"@id\":\"https:\/\/solarlehre.ch\/sq\/praktika-me-nje-diplome-profesionale-cfare-duhet-te-di\/#primaryimage\"},\"thumbnailUrl\":\"https:\/\/solarlehre.ch\/wp-content\/uploads\/2023\/06\/SOLA-Blog-Berufsmatura-1_Dauer.png\",\"datePublished\":\"2023-05-30T14:07:00+00:00\",\"dateModified\":\"2024-08-15T13:12:58+00:00\",\"description\":\"Ka diplom\u00eb profesionale? Nuk ka problem me nj\u00eb stazh si instalues \u200b\u200bdiellor! Ju mund t\u00eb zbuloni gjith\u00e7ka q\u00eb duhet t\u00eb b\u00ebni n\u00eb k\u00ebt\u00eb artikull.\",\"breadcrumb\":{\"@id\":\"https:\/\/solarlehre.ch\/sq\/praktika-me-nje-diplome-profesionale-cfare-duhet-te-di\/#breadcrumb\"},\"inLanguage\":\"sq-AL\",\"potentialAction\":[{\"@type\":\"ReadAction\",\"target\":[\"https:\/\/solarlehre.ch\/sq\/praktika-me-nje-diplome-profesionale-cfare-duhet-te-di\/\"]}]},{\"@type\":\"ImageObject\",\"inLanguage\":\"sq-AL\",\"@id\":\"https:\/\/solarlehre.ch\/sq\/praktika-me-nje-diplome-profesionale-cfare-duhet-te-di\/#primaryimage\",\"url\":\"https:\/\/solarlehre.ch\/wp-content\/uploads\/2023\/06\/SOLA-Blog-Berufsmatura-1_Dauer.png\",\"contentUrl\":\"https:\/\/solarlehre.ch\/wp-content\/uploads\/2023\/06\/SOLA-Blog-Berufsmatura-1_Dauer.png\",\"width\":650,\"height\":650},{\"@type\":\"BreadcrumbList\",\"@id\":\"https:\/\/solarlehre.ch\/sq\/praktika-me-nje-diplome-profesionale-cfare-duhet-te-di\/#breadcrumb\",\"itemListElement\":[{\"@type\":\"ListItem\",\"position\":1,\"name\":\"Home\",\"item\":\"https:\/\/solarlehre.ch\/sq\/\"},{\"@type\":\"ListItem\",\"position\":2,\"name\":\"M\u00ebsim profesioni me matur\u00eb profesionale &#8211; \u00e7far\u00eb duhet t\u00eb di un\u00eb?\"}]},{\"@type\":\"WebSite\",\"@id\":\"https:\/\/solarlehre.ch\/sq\/#website\",\"url\":\"https:\/\/solarlehre.ch\/sq\/\",\"name\":\"Solarlehre - Lerne Solarinstallateur:in\",\"description\":\"\",\"publisher\":{\"@id\":\"https:\/\/solarlehre.ch\/sq\/#organization\"},\"potentialAction\":[{\"@type\":\"SearchAction\",\"target\":{\"@type\":\"EntryPoint\",\"urlTemplate\":\"https:\/\/solarlehre.ch\/sq\/?s={search_term_string}\"},\"query-input\":{\"@type\":\"PropertyValueSpecification\",\"valueRequired\":true,\"valueName\":\"search_term_string\"}}],\"inLanguage\":\"sq-AL\"},{\"@type\":\"Organization\",\"@id\":\"https:\/\/solarlehre.ch\/sq\/#organization\",\"name\":\"Solarlehre - Lerne Solarinstallateur:in\",\"url\":\"https:\/\/solarlehre.ch\/sq\/\",\"logo\":{\"@type\":\"ImageObject\",\"inLanguage\":\"sq-AL\",\"@id\":\"https:\/\/solarlehre.ch\/sq\/#\/schema\/logo\/image\/\",\"url\":\"https:\/\/solarlehre.ch\/wp-content\/uploads\/2021\/02\/logo_negativ.png\",\"contentUrl\":\"https:\/\/solarlehre.ch\/wp-content\/uploads\/2021\/02\/logo_negativ.png\",\"width\":350,\"height\":92,\"caption\":\"Solarlehre - Lerne Solarinstallateur:in\"},\"image\":{\"@id\":\"https:\/\/solarlehre.ch\/sq\/#\/schema\/logo\/image\/\"}},{\"@type\":\"Person\",\"@id\":\"https:\/\/solarlehre.ch\/sq\/#\/schema\/person\/c4113b35e9b058c8996fc437e7aadc9e\",\"name\":\"molotow admin\",\"image\":{\"@type\":\"ImageObject\",\"inLanguage\":\"sq-AL\",\"@id\":\"https:\/\/solarlehre.ch\/sq\/#\/schema\/person\/image\/\",\"url\":\"https:\/\/secure.gravatar.com\/avatar\/49cd4329817e3b6122984b9982e17e32034783f57befaf5d6d4a876c95c35bae?s=96&d=mm&r=g\",\"contentUrl\":\"https:\/\/secure.gravatar.com\/avatar\/49cd4329817e3b6122984b9982e17e32034783f57befaf5d6d4a876c95c35bae?s=96&d=mm&r=g\",\"caption\":\"molotow admin\"}}]}<\/script>\n<!-- \/ Yoast SEO plugin. -->","yoast_head_json":{"title":"M\u00ebsim profesioni me matur\u00eb profesionale - \u00e7far\u00eb duhet t\u00eb di un\u00eb? - teoria diellore","description":"Ka diplom\u00eb profesionale? Nuk ka problem me nj\u00eb stazh si instalues \u200b\u200bdiellor! Ju mund t\u00eb zbuloni gjith\u00e7ka q\u00eb duhet t\u00eb b\u00ebni n\u00eb k\u00ebt\u00eb artikull.","robots":{"index":"index","follow":"follow","max-snippet":"max-snippet:-1","max-image-preview":"max-image-preview:large","max-video-preview":"max-video-preview:-1"},"canonical":"https:\/\/solarlehre.ch\/sq\/praktika-me-nje-diplome-profesionale-cfare-duhet-te-di\/","og_locale":"sq_AL","og_type":"article","og_title":"M\u00ebsim profesioni me matur\u00eb profesionale - \u00e7far\u00eb duhet t\u00eb di un\u00eb? - teoria diellore","og_description":"Ka diplom\u00eb profesionale? Nuk ka problem me nj\u00eb stazh si instalues \u200b\u200bdiellor! Ju mund t\u00eb zbuloni gjith\u00e7ka q\u00eb duhet t\u00eb b\u00ebni n\u00eb k\u00ebt\u00eb artikull.","og_url":"https:\/\/solarlehre.ch\/sq\/praktika-me-nje-diplome-profesionale-cfare-duhet-te-di\/","og_site_name":"Solarlehre - Lerne Solarinstallateur:in","article_published_time":"2023-05-30T14:07:00+00:00","article_modified_time":"2024-08-15T13:12:58+00:00","og_image":[{"width":650,"height":650,"url":"https:\/\/solarlehre.ch\/wp-content\/uploads\/2023\/06\/SOLA-Blog-Berufsmatura-1_Dauer.png","type":"image\/png"}],"author":"molotow admin","twitter_card":"summary_large_image","twitter_misc":{"Written by":"molotow admin"},"schema":{"@context":"https:\/\/schema.org","@graph":[{"@type":"Article","@id":"https:\/\/solarlehre.ch\/sq\/praktika-me-nje-diplome-profesionale-cfare-duhet-te-di\/#article","isPartOf":{"@id":"https:\/\/solarlehre.ch\/sq\/praktika-me-nje-diplome-profesionale-cfare-duhet-te-di\/"},"author":{"name":"molotow admin","@id":"https:\/\/solarlehre.ch\/sq\/#\/schema\/person\/c4113b35e9b058c8996fc437e7aadc9e"},"headline":"M\u00ebsim profesioni me matur\u00eb profesionale &#8211; \u00e7far\u00eb duhet t\u00eb di un\u00eb?","datePublished":"2023-05-30T14:07:00+00:00","dateModified":"2024-08-15T13:12:58+00:00","mainEntityOfPage":{"@id":"https:\/\/solarlehre.ch\/sq\/praktika-me-nje-diplome-profesionale-cfare-duhet-te-di\/"},"wordCount":12,"commentCount":0,"publisher":{"@id":"https:\/\/solarlehre.ch\/sq\/#organization"},"image":{"@id":"https:\/\/solarlehre.ch\/sq\/praktika-me-nje-diplome-profesionale-cfare-duhet-te-di\/#primaryimage"},"thumbnailUrl":"https:\/\/solarlehre.ch\/wp-content\/uploads\/2023\/06\/SOLA-Blog-Berufsmatura-1_Dauer.png","articleSection":["P\u00ebrgjith\u00ebsisht"],"inLanguage":"sq-AL","potentialAction":[{"@type":"CommentAction","name":"Comment","target":["https:\/\/solarlehre.ch\/sq\/praktika-me-nje-diplome-profesionale-cfare-duhet-te-di\/#respond"]}]},{"@type":"WebPage","@id":"https:\/\/solarlehre.ch\/sq\/praktika-me-nje-diplome-profesionale-cfare-duhet-te-di\/","url":"https:\/\/solarlehre.ch\/sq\/praktika-me-nje-diplome-profesionale-cfare-duhet-te-di\/","name":"M\u00ebsim profesioni me matur\u00eb profesionale - \u00e7far\u00eb duhet t\u00eb di un\u00eb? - teoria diellore","isPartOf":{"@id":"https:\/\/solarlehre.ch\/sq\/#website"},"primaryImageOfPage":{"@id":"https:\/\/solarlehre.ch\/sq\/praktika-me-nje-diplome-profesionale-cfare-duhet-te-di\/#primaryimage"},"image":{"@id":"https:\/\/solarlehre.ch\/sq\/praktika-me-nje-diplome-profesionale-cfare-duhet-te-di\/#primaryimage"},"thumbnailUrl":"https:\/\/solarlehre.ch\/wp-content\/uploads\/2023\/06\/SOLA-Blog-Berufsmatura-1_Dauer.png","datePublished":"2023-05-30T14:07:00+00:00","dateModified":"2024-08-15T13:12:58+00:00","description":"Ka diplom\u00eb profesionale? Nuk ka problem me nj\u00eb stazh si instalues \u200b\u200bdiellor! Ju mund t\u00eb zbuloni gjith\u00e7ka q\u00eb duhet t\u00eb b\u00ebni n\u00eb k\u00ebt\u00eb artikull.","breadcrumb":{"@id":"https:\/\/solarlehre.ch\/sq\/praktika-me-nje-diplome-profesionale-cfare-duhet-te-di\/#breadcrumb"},"inLanguage":"sq-AL","potentialAction":[{"@type":"ReadAction","target":["https:\/\/solarlehre.ch\/sq\/praktika-me-nje-diplome-profesionale-cfare-duhet-te-di\/"]}]},{"@type":"ImageObject","inLanguage":"sq-AL","@id":"https:\/\/solarlehre.ch\/sq\/praktika-me-nje-diplome-profesionale-cfare-duhet-te-di\/#primaryimage","url":"https:\/\/solarlehre.ch\/wp-content\/uploads\/2023\/06\/SOLA-Blog-Berufsmatura-1_Dauer.png","contentUrl":"https:\/\/solarlehre.ch\/wp-content\/uploads\/2023\/06\/SOLA-Blog-Berufsmatura-1_Dauer.png","width":650,"height":650},{"@type":"BreadcrumbList","@id":"https:\/\/solarlehre.ch\/sq\/praktika-me-nje-diplome-profesionale-cfare-duhet-te-di\/#breadcrumb","itemListElement":[{"@type":"ListItem","position":1,"name":"Home","item":"https:\/\/solarlehre.ch\/sq\/"},{"@type":"ListItem","position":2,"name":"M\u00ebsim profesioni me matur\u00eb profesionale &#8211; \u00e7far\u00eb duhet t\u00eb di un\u00eb?"}]},{"@type":"WebSite","@id":"https:\/\/solarlehre.ch\/sq\/#website","url":"https:\/\/solarlehre.ch\/sq\/","name":"Solarlehre - Lerne Solarinstallateur:in","description":"","publisher":{"@id":"https:\/\/solarlehre.ch\/sq\/#organization"},"potentialAction":[{"@type":"SearchAction","target":{"@type":"EntryPoint","urlTemplate":"https:\/\/solarlehre.ch\/sq\/?s={search_term_string}"},"query-input":{"@type":"PropertyValueSpecification","valueRequired":true,"valueName":"search_term_string"}}],"inLanguage":"sq-AL"},{"@type":"Organization","@id":"https:\/\/solarlehre.ch\/sq\/#organization","name":"Solarlehre - Lerne Solarinstallateur:in","url":"https:\/\/solarlehre.ch\/sq\/","logo":{"@type":"ImageObject","inLanguage":"sq-AL","@id":"https:\/\/solarlehre.ch\/sq\/#\/schema\/logo\/image\/","url":"https:\/\/solarlehre.ch\/wp-content\/uploads\/2021\/02\/logo_negativ.png","contentUrl":"https:\/\/solarlehre.ch\/wp-content\/uploads\/2021\/02\/logo_negativ.png","width":350,"height":92,"caption":"Solarlehre - Lerne Solarinstallateur:in"},"image":{"@id":"https:\/\/solarlehre.ch\/sq\/#\/schema\/logo\/image\/"}},{"@type":"Person","@id":"https:\/\/solarlehre.ch\/sq\/#\/schema\/person\/c4113b35e9b058c8996fc437e7aadc9e","name":"molotow admin","image":{"@type":"ImageObject","inLanguage":"sq-AL","@id":"https:\/\/solarlehre.ch\/sq\/#\/schema\/person\/image\/","url":"https:\/\/secure.gravatar.com\/avatar\/49cd4329817e3b6122984b9982e17e32034783f57befaf5d6d4a876c95c35bae?s=96&d=mm&r=g","contentUrl":"https:\/\/secure.gravatar.com\/avatar\/49cd4329817e3b6122984b9982e17e32034783f57befaf5d6d4a876c95c35bae?s=96&d=mm&r=g","caption":"molotow admin"}}]}},"_links":{"self":[{"href":"https:\/\/solarlehre.ch\/sq\/wp-json\/wp\/v2\/posts\/7829","targetHints":{"allow":["GET"]}}],"collection":[{"href":"https:\/\/solarlehre.ch\/sq\/wp-json\/wp\/v2\/posts"}],"about":[{"href":"https:\/\/solarlehre.ch\/sq\/wp-json\/wp\/v2\/types\/post"}],"author":[{"embeddable":true,"href":"https:\/\/solarlehre.ch\/sq\/wp-json\/wp\/v2\/users\/2"}],"replies":[{"embeddable":true,"href":"https:\/\/solarlehre.ch\/sq\/wp-json\/wp\/v2\/comments?post=7829"}],"version-history":[{"count":2,"href":"https:\/\/solarlehre.ch\/sq\/wp-json\/wp\/v2\/posts\/7829\/revisions"}],"predecessor-version":[{"id":9408,"href":"https:\/\/solarlehre.ch\/sq\/wp-json\/wp\/v2\/posts\/7829\/revisions\/9408"}],"wp:featuredmedia":[{"embeddable":true,"href":"https:\/\/solarlehre.ch\/sq\/wp-json\/wp\/v2\/media\/7830"}],"wp:attachment":[{"href":"https:\/\/solarlehre.ch\/sq\/wp-json\/wp\/v2\/media?parent=7829"}],"wp:term":[{"taxonomy":"category","embeddable":true,"href":"https:\/\/solarlehre.ch\/sq\/wp-json\/wp\/v2\/categories?post=7829"},{"taxonomy":"post_tag","embeddable":true,"href":"https:\/\/solarlehre.ch\/sq\/wp-json\/wp\/v2\/tags?post=7829"}],"curies":[{"name":"wp","href":"https:\/\/api.w.org\/{rel}","templated":true}]}}