{"id":7801,"date":"2023-11-22T09:24:20","date_gmt":"2023-11-22T08:24:20","guid":{"rendered":"https:\/\/solarlehre.ch\/vale-a-pena-experimentar\/"},"modified":"2024-03-08T15:35:00","modified_gmt":"2024-03-08T14:35:00","slug":"vale-a-pena-experimentar","status":"publish","type":"post","link":"https:\/\/solarlehre.ch\/pt-pt\/vale-a-pena-experimentar\/","title":{"rendered":"Vale a pena experimentar"},"content":{"rendered":"\t\t<div data-elementor-type=\"wp-post\" data-elementor-id=\"7801\" class=\"elementor elementor-7801 elementor-7350\" data-elementor-settings=\"{&quot;ha_cmc_init_switcher&quot;:&quot;no&quot;}\" data-elementor-post-type=\"post\">\n\t\t\t\t\t\t<section class=\"elementor-section elementor-top-section elementor-element elementor-element-b5cc072 elementor-section-boxed elementor-section-height-default elementor-section-height-default\" data-id=\"b5cc072\" data-element_type=\"section\" data-e-type=\"section\" data-settings=\"{&quot;_ha_eqh_enable&quot;:false}\">\n\t\t\t\t\t\t<div class=\"elementor-container elementor-column-gap-default\">\n\t\t\t\t\t<div class=\"elementor-column elementor-col-100 elementor-top-column elementor-element elementor-element-50114c2\" data-id=\"50114c2\" data-element_type=\"column\" data-e-type=\"column\">\n\t\t\t<div class=\"elementor-widget-wrap elementor-element-populated\">\n\t\t\t\t\t\t<div class=\"elementor-element elementor-element-d227920 elementor-widget elementor-widget-text-editor\" data-id=\"d227920\" data-element_type=\"widget\" data-e-type=\"widget\" data-widget_type=\"text-editor.default\">\n\t\t\t\t<div class=\"elementor-widget-container\">\n\t\t\t\t\t\t\t\t\t<p>Durante um per\u00edodo experimental de forma\u00e7\u00e3o, ir\u00e1s experimentar em primeira m\u00e3o o que \u00e9 ser um\/a <a href=\"https:\/\/solarlehre.ch\/berufsbild\/\"><u>t\u00e9cnico\/a de instala\u00e7\u00e3o de sistemas de energia solar<\/u><\/a> e se esta profiss\u00e3o \u00e9 adequada para ti. Aqui, o Lino relata as suas experi\u00eancias e impress\u00f5es ao frequentar um per\u00edodo experimental de forma\u00e7\u00e3o.<\/p>\n<p><strong>N\u00e3o h\u00e1 dois dias iguais<\/strong> <br \/>S\u00e3o 7 da manh\u00e3 o Lino chega \u00e0 empresa CKW, onde vai frequentar um per\u00edodo experimental de forma\u00e7\u00e3o. \u00c9 recebido calorosamente por Samuel. O eletricista de 25 anos trabalha como canalizador e t\u00e9cnico de manuten\u00e7\u00e3o. Juntamente com Bahar, que tamb\u00e9m \u00e9 um eletricista de instala\u00e7\u00f5es qualificado, preparam os materiais para a instala\u00e7\u00e3o de hoje: m\u00f3dulos fotovoltaicos, cabos e inversores. As ferramentas pessoais, como alicates, berbequins e chaves de fendas, j\u00e1 se encontram na carrinha. Depois, seguem para Kriens. Os pain\u00e9is solares est\u00e3o prestes a ser instalados no telhado de uma empresa industrial. Lino ajudou a fixar a subestrutura ao telhado no dia anterior. Ele rapidamente apanhou o jeito.<\/p>\n\t\t\t\t\t\t\t\t<\/div>\n\t\t\t\t<\/div>\n\t\t\t\t<div class=\"elementor-element elementor-element-b6b4fec elementor-widget elementor-widget-image\" data-id=\"b6b4fec\" data-element_type=\"widget\" data-e-type=\"widget\" data-widget_type=\"image.default\">\n\t\t\t\t<div class=\"elementor-widget-container\">\n\t\t\t\t\t\t\t\t\t\t\t\t\t\t\t<img fetchpriority=\"high\" decoding=\"async\" width=\"800\" height=\"533\" src=\"https:\/\/solarlehre.ch\/wp-content\/uploads\/2024\/02\/Swissolar_Blog-Schnuppern-3.jpg\" class=\"attachment-large size-large wp-image-8888\" alt=\"\" srcset=\"https:\/\/solarlehre.ch\/wp-content\/uploads\/2024\/02\/Swissolar_Blog-Schnuppern-3.jpg 1200w, https:\/\/solarlehre.ch\/wp-content\/uploads\/2024\/02\/Swissolar_Blog-Schnuppern-3-300x200.jpg 300w, https:\/\/solarlehre.ch\/wp-content\/uploads\/2024\/02\/Swissolar_Blog-Schnuppern-3-768x512.jpg 768w\" sizes=\"(max-width: 800px) 100vw, 800px\" \/>\t\t\t\t\t\t\t\t\t\t\t\t\t\t\t<\/div>\n\t\t\t\t<\/div>\n\t\t\t\t<div class=\"elementor-element elementor-element-ad2211c elementor-widget elementor-widget-text-editor\" data-id=\"ad2211c\" data-element_type=\"widget\" data-e-type=\"widget\" data-widget_type=\"text-editor.default\">\n\t\t\t\t<div class=\"elementor-widget-container\">\n\t\t\t\t\t\t\t\t\t<p><strong>Algo para os\/as amantes do trabalho ao ar livte<\/strong> <br \/>Samuel explica o que tem de ser feito e Lino d\u00e1 uma ajuda. Lino sabe que a precau\u00e7\u00e3o \u00e9 a principal prioridade, independentemente do facto de o telhado ser plano ou inclinado. Levantar o material n\u00e3o \u00e9 problema para o futebolista amador de 16 anos: &#8220;Os m\u00f3dulos n\u00e3o s\u00e3o particularmente pesados. S\u00f3 \u00e9 preciso ter cuidado para n\u00e3o danificar nada&#8221;. A planta mostra como os m\u00f3dulos t\u00eam de ser dispostos e ligados uns aos outros. &#8220;Ap\u00f3s a instala\u00e7\u00e3o, ligamos o inversor&#8221;, explica Samuel. Este converte a corrente cont\u00ednua produzida pelo sistema solar em corrente alternada, que \u00e9 necess\u00e1ria para utiliza\u00e7\u00e3o no edif\u00edcio e para alimenta\u00e7\u00e3o da rede de baixa tens\u00e3o. O trabalho em equipa \u00e9 importante, mas o contacto com o cliente tamb\u00e9m faz parte do trabalho, especialmente quando se trata de reequipar sistemas em casas isoladas.<\/p>\n\t\t\t\t\t\t\t\t<\/div>\n\t\t\t\t<\/div>\n\t\t\t\t<div class=\"elementor-element elementor-element-6d43059 elementor-widget elementor-widget-image\" data-id=\"6d43059\" data-element_type=\"widget\" data-e-type=\"widget\" data-widget_type=\"image.default\">\n\t\t\t\t<div class=\"elementor-widget-container\">\n\t\t\t\t\t\t\t\t\t\t\t\t\t\t\t<img decoding=\"async\" width=\"800\" height=\"533\" src=\"https:\/\/solarlehre.ch\/wp-content\/uploads\/2024\/02\/Swissolar_Blog-Schnuppern-1.jpg\" class=\"attachment-large size-large wp-image-8876\" alt=\"\" srcset=\"https:\/\/solarlehre.ch\/wp-content\/uploads\/2024\/02\/Swissolar_Blog-Schnuppern-1.jpg 1200w, https:\/\/solarlehre.ch\/wp-content\/uploads\/2024\/02\/Swissolar_Blog-Schnuppern-1-300x200.jpg 300w, https:\/\/solarlehre.ch\/wp-content\/uploads\/2024\/02\/Swissolar_Blog-Schnuppern-1-768x512.jpg 768w\" sizes=\"(max-width: 800px) 100vw, 800px\" \/>\t\t\t\t\t\t\t\t\t\t\t\t\t\t\t<\/div>\n\t\t\t\t<\/div>\n\t\t\t\t<div class=\"elementor-element elementor-element-2f2ad4b elementor-widget elementor-widget-text-editor\" data-id=\"2f2ad4b\" data-element_type=\"widget\" data-e-type=\"widget\" data-widget_type=\"text-editor.default\">\n\t\t\t\t<div class=\"elementor-widget-container\">\n\t\t\t\t\t\t\t\t\t<p><strong>Vida quotidiana cheia de a\u00e7\u00e3o<\/strong> <br \/>A hora de conclus\u00e3o do hor\u00e1rio de trabalho \u00e9 \u00e0s 16 horas. Lino est\u00e1 cansado, mas j\u00e1 est\u00e1 ansioso pelo dia seguinte. &#8220;\u00c9 preciso habituarmo-nos a acordar cedo, mas acho que \u00e9 \u00f3timo acabar o trabalho t\u00e3o cedo.&#8221; Depois destes dois dias cheios de acontecimentos, ele consegue imaginar fazer um curso de forma\u00e7\u00e3o profissional como t\u00e9cnico\/a de instala\u00e7\u00e3o de sistemas de energia solar: &#8220;\u00c9 um trabalho com significado e muita a\u00e7\u00e3o. Fazemos sempre parte de uma equipa, estamos no exterior em telhados altos e temos uma vista fant\u00e1stica!&#8221;<\/p>\n<p>Curioso? Ent\u00e3o da uma vista de olhos <span style=\"text-decoration: underline;\"><a href=\"https:\/\/solarlehre.ch\/lehrstellen\/\">aqui<\/a><\/span> para encontrares uma empresa.<\/p>\n\t\t\t\t\t\t\t\t<\/div>\n\t\t\t\t<\/div>\n\t\t\t\t<div class=\"elementor-element elementor-element-56e1773 gallery-spacing-custom elementor-widget elementor-widget-image-gallery\" data-id=\"56e1773\" data-element_type=\"widget\" data-e-type=\"widget\" data-widget_type=\"image-gallery.default\">\n\t\t\t\t<div class=\"elementor-widget-container\">\n\t\t\t\t\t\t\t<div class=\"elementor-image-gallery\">\n\t\t\t<div id='gallery-1' class='gallery galleryid-7801 gallery-columns-3 gallery-size-medium'><figure class='gallery-item'>\n\t\t\t<div class='gallery-icon landscape'>\n\t\t\t\t<a data-elementor-open-lightbox=\"yes\" data-elementor-lightbox-slideshow=\"56e1773\" data-elementor-lightbox-title=\"Swissolar_Blog-Schnuppern-1\" data-e-action-hash=\"#elementor-action%3Aaction%3Dlightbox%26settings%3DeyJpZCI6ODg3NiwidXJsIjoiaHR0cHM6XC9cL3NvbGFybGVocmUuY2hcL3dwLWNvbnRlbnRcL3VwbG9hZHNcLzIwMjRcLzAyXC9Td2lzc29sYXJfQmxvZy1TY2hudXBwZXJuLTEuanBnIiwic2xpZGVzaG93IjoiNTZlMTc3MyJ9\" href='https:\/\/solarlehre.ch\/wp-content\/uploads\/2024\/02\/Swissolar_Blog-Schnuppern-1.jpg'><img width=\"300\" height=\"200\" src=\"https:\/\/solarlehre.ch\/wp-content\/uploads\/2024\/02\/Swissolar_Blog-Schnuppern-1-300x200.jpg\" class=\"attachment-medium size-medium\" alt=\"\" decoding=\"async\" srcset=\"https:\/\/solarlehre.ch\/wp-content\/uploads\/2024\/02\/Swissolar_Blog-Schnuppern-1-300x200.jpg 300w, https:\/\/solarlehre.ch\/wp-content\/uploads\/2024\/02\/Swissolar_Blog-Schnuppern-1-768x512.jpg 768w, https:\/\/solarlehre.ch\/wp-content\/uploads\/2024\/02\/Swissolar_Blog-Schnuppern-1.jpg 1200w\" sizes=\"(max-width: 300px) 100vw, 300px\" \/><\/a>\n\t\t\t<\/div><\/figure><figure class='gallery-item'>\n\t\t\t<div class='gallery-icon landscape'>\n\t\t\t\t<a data-elementor-open-lightbox=\"yes\" data-elementor-lightbox-slideshow=\"56e1773\" data-elementor-lightbox-title=\"Swissolar_Blog-Schnuppern-2\" data-e-action-hash=\"#elementor-action%3Aaction%3Dlightbox%26settings%3DeyJpZCI6ODg4MiwidXJsIjoiaHR0cHM6XC9cL3NvbGFybGVocmUuY2hcL3dwLWNvbnRlbnRcL3VwbG9hZHNcLzIwMjRcLzAyXC9Td2lzc29sYXJfQmxvZy1TY2hudXBwZXJuLTIuanBnIiwic2xpZGVzaG93IjoiNTZlMTc3MyJ9\" href='https:\/\/solarlehre.ch\/wp-content\/uploads\/2024\/02\/Swissolar_Blog-Schnuppern-2.jpg'><img loading=\"lazy\" width=\"300\" height=\"200\" src=\"https:\/\/solarlehre.ch\/wp-content\/uploads\/2024\/02\/Swissolar_Blog-Schnuppern-2-300x200.jpg\" class=\"attachment-medium size-medium\" alt=\"\" decoding=\"async\" srcset=\"https:\/\/solarlehre.ch\/wp-content\/uploads\/2024\/02\/Swissolar_Blog-Schnuppern-2-300x200.jpg 300w, https:\/\/solarlehre.ch\/wp-content\/uploads\/2024\/02\/Swissolar_Blog-Schnuppern-2-768x512.jpg 768w, https:\/\/solarlehre.ch\/wp-content\/uploads\/2024\/02\/Swissolar_Blog-Schnuppern-2.jpg 1200w\" sizes=\"(max-width: 300px) 100vw, 300px\" \/><\/a>\n\t\t\t<\/div><\/figure><figure class='gallery-item'>\n\t\t\t<div class='gallery-icon landscape'>\n\t\t\t\t<a data-elementor-open-lightbox=\"yes\" data-elementor-lightbox-slideshow=\"56e1773\" data-elementor-lightbox-title=\"Swissolar_Blog-Schnuppern-3\" data-e-action-hash=\"#elementor-action%3Aaction%3Dlightbox%26settings%3DeyJpZCI6ODg4OCwidXJsIjoiaHR0cHM6XC9cL3NvbGFybGVocmUuY2hcL3dwLWNvbnRlbnRcL3VwbG9hZHNcLzIwMjRcLzAyXC9Td2lzc29sYXJfQmxvZy1TY2hudXBwZXJuLTMuanBnIiwic2xpZGVzaG93IjoiNTZlMTc3MyJ9\" href='https:\/\/solarlehre.ch\/wp-content\/uploads\/2024\/02\/Swissolar_Blog-Schnuppern-3.jpg'><img loading=\"lazy\" width=\"300\" height=\"200\" src=\"https:\/\/solarlehre.ch\/wp-content\/uploads\/2024\/02\/Swissolar_Blog-Schnuppern-3-300x200.jpg\" class=\"attachment-medium size-medium\" alt=\"\" decoding=\"async\" srcset=\"https:\/\/solarlehre.ch\/wp-content\/uploads\/2024\/02\/Swissolar_Blog-Schnuppern-3-300x200.jpg 300w, https:\/\/solarlehre.ch\/wp-content\/uploads\/2024\/02\/Swissolar_Blog-Schnuppern-3-768x512.jpg 768w, https:\/\/solarlehre.ch\/wp-content\/uploads\/2024\/02\/Swissolar_Blog-Schnuppern-3.jpg 1200w\" sizes=\"(max-width: 300px) 100vw, 300px\" \/><\/a>\n\t\t\t<\/div><\/figure><figure class='gallery-item'>\n\t\t\t<div class='gallery-icon landscape'>\n\t\t\t\t<a data-elementor-open-lightbox=\"yes\" data-elementor-lightbox-slideshow=\"56e1773\" data-elementor-lightbox-title=\"Swissolar_Blog-Schnuppern-5\" data-e-action-hash=\"#elementor-action%3Aaction%3Dlightbox%26settings%3DeyJpZCI6ODg5NCwidXJsIjoiaHR0cHM6XC9cL3NvbGFybGVocmUuY2hcL3dwLWNvbnRlbnRcL3VwbG9hZHNcLzIwMjRcLzAyXC9Td2lzc29sYXJfQmxvZy1TY2hudXBwZXJuLTUuanBnIiwic2xpZGVzaG93IjoiNTZlMTc3MyJ9\" href='https:\/\/solarlehre.ch\/wp-content\/uploads\/2024\/02\/Swissolar_Blog-Schnuppern-5.jpg'><img loading=\"lazy\" width=\"300\" height=\"200\" src=\"https:\/\/solarlehre.ch\/wp-content\/uploads\/2024\/02\/Swissolar_Blog-Schnuppern-5-300x200.jpg\" class=\"attachment-medium size-medium\" alt=\"\" decoding=\"async\" srcset=\"https:\/\/solarlehre.ch\/wp-content\/uploads\/2024\/02\/Swissolar_Blog-Schnuppern-5-300x200.jpg 300w, https:\/\/solarlehre.ch\/wp-content\/uploads\/2024\/02\/Swissolar_Blog-Schnuppern-5-768x512.jpg 768w, https:\/\/solarlehre.ch\/wp-content\/uploads\/2024\/02\/Swissolar_Blog-Schnuppern-5.jpg 1200w\" sizes=\"(max-width: 300px) 100vw, 300px\" \/><\/a>\n\t\t\t<\/div><\/figure><figure class='gallery-item'>\n\t\t\t<div class='gallery-icon landscape'>\n\t\t\t\t<a data-elementor-open-lightbox=\"yes\" data-elementor-lightbox-slideshow=\"56e1773\" data-elementor-lightbox-title=\"Swissolar_Blog-Schnuppern-6\" data-e-action-hash=\"#elementor-action%3Aaction%3Dlightbox%26settings%3DeyJpZCI6ODkwMCwidXJsIjoiaHR0cHM6XC9cL3NvbGFybGVocmUuY2hcL3dwLWNvbnRlbnRcL3VwbG9hZHNcLzIwMjRcLzAyXC9Td2lzc29sYXJfQmxvZy1TY2hudXBwZXJuLTYuanBnIiwic2xpZGVzaG93IjoiNTZlMTc3MyJ9\" href='https:\/\/solarlehre.ch\/wp-content\/uploads\/2024\/02\/Swissolar_Blog-Schnuppern-6.jpg'><img loading=\"lazy\" width=\"300\" height=\"200\" src=\"https:\/\/solarlehre.ch\/wp-content\/uploads\/2024\/02\/Swissolar_Blog-Schnuppern-6-300x200.jpg\" class=\"attachment-medium size-medium\" alt=\"\" decoding=\"async\" srcset=\"https:\/\/solarlehre.ch\/wp-content\/uploads\/2024\/02\/Swissolar_Blog-Schnuppern-6-300x200.jpg 300w, https:\/\/solarlehre.ch\/wp-content\/uploads\/2024\/02\/Swissolar_Blog-Schnuppern-6-768x512.jpg 768w, https:\/\/solarlehre.ch\/wp-content\/uploads\/2024\/02\/Swissolar_Blog-Schnuppern-6.jpg 1200w\" sizes=\"(max-width: 300px) 100vw, 300px\" \/><\/a>\n\t\t\t<\/div><\/figure><figure class='gallery-item'>\n\t\t\t<div class='gallery-icon landscape'>\n\t\t\t\t<a data-elementor-open-lightbox=\"yes\" data-elementor-lightbox-slideshow=\"56e1773\" data-elementor-lightbox-title=\"Swissolar_Blog-Schnuppern-7\" data-e-action-hash=\"#elementor-action%3Aaction%3Dlightbox%26settings%3DeyJpZCI6ODkwNiwidXJsIjoiaHR0cHM6XC9cL3NvbGFybGVocmUuY2hcL3dwLWNvbnRlbnRcL3VwbG9hZHNcLzIwMjRcLzAyXC9Td2lzc29sYXJfQmxvZy1TY2hudXBwZXJuLTcuanBnIiwic2xpZGVzaG93IjoiNTZlMTc3MyJ9\" href='https:\/\/solarlehre.ch\/wp-content\/uploads\/2024\/02\/Swissolar_Blog-Schnuppern-7.jpg'><img loading=\"lazy\" width=\"300\" height=\"200\" src=\"https:\/\/solarlehre.ch\/wp-content\/uploads\/2024\/02\/Swissolar_Blog-Schnuppern-7-300x200.jpg\" class=\"attachment-medium size-medium\" alt=\"\" decoding=\"async\" srcset=\"https:\/\/solarlehre.ch\/wp-content\/uploads\/2024\/02\/Swissolar_Blog-Schnuppern-7-300x200.jpg 300w, https:\/\/solarlehre.ch\/wp-content\/uploads\/2024\/02\/Swissolar_Blog-Schnuppern-7-768x512.jpg 768w, https:\/\/solarlehre.ch\/wp-content\/uploads\/2024\/02\/Swissolar_Blog-Schnuppern-7.jpg 1200w\" sizes=\"(max-width: 300px) 100vw, 300px\" \/><\/a>\n\t\t\t<\/div><\/figure><figure class='gallery-item'>\n\t\t\t<div class='gallery-icon landscape'>\n\t\t\t\t<a data-elementor-open-lightbox=\"yes\" data-elementor-lightbox-slideshow=\"56e1773\" data-elementor-lightbox-title=\"Swissolar_Blog-Schnuppern-8\" data-e-action-hash=\"#elementor-action%3Aaction%3Dlightbox%26settings%3DeyJpZCI6ODkxMiwidXJsIjoiaHR0cHM6XC9cL3NvbGFybGVocmUuY2hcL3dwLWNvbnRlbnRcL3VwbG9hZHNcLzIwMjRcLzAyXC9Td2lzc29sYXJfQmxvZy1TY2hudXBwZXJuLTguanBnIiwic2xpZGVzaG93IjoiNTZlMTc3MyJ9\" href='https:\/\/solarlehre.ch\/wp-content\/uploads\/2024\/02\/Swissolar_Blog-Schnuppern-8.jpg'><img loading=\"lazy\" width=\"300\" height=\"200\" src=\"https:\/\/solarlehre.ch\/wp-content\/uploads\/2024\/02\/Swissolar_Blog-Schnuppern-8-300x200.jpg\" class=\"attachment-medium size-medium\" alt=\"\" decoding=\"async\" srcset=\"https:\/\/solarlehre.ch\/wp-content\/uploads\/2024\/02\/Swissolar_Blog-Schnuppern-8-300x200.jpg 300w, https:\/\/solarlehre.ch\/wp-content\/uploads\/2024\/02\/Swissolar_Blog-Schnuppern-8-768x512.jpg 768w, https:\/\/solarlehre.ch\/wp-content\/uploads\/2024\/02\/Swissolar_Blog-Schnuppern-8.jpg 1200w\" sizes=\"(max-width: 300px) 100vw, 300px\" \/><\/a>\n\t\t\t<\/div><\/figure><figure class='gallery-item'>\n\t\t\t<div class='gallery-icon landscape'>\n\t\t\t\t<a data-elementor-open-lightbox=\"yes\" data-elementor-lightbox-slideshow=\"56e1773\" data-elementor-lightbox-title=\"Swissolar_Blog-Schnuppern-9\" data-e-action-hash=\"#elementor-action%3Aaction%3Dlightbox%26settings%3DeyJpZCI6ODkxOCwidXJsIjoiaHR0cHM6XC9cL3NvbGFybGVocmUuY2hcL3dwLWNvbnRlbnRcL3VwbG9hZHNcLzIwMjRcLzAyXC9Td2lzc29sYXJfQmxvZy1TY2hudXBwZXJuLTkuanBnIiwic2xpZGVzaG93IjoiNTZlMTc3MyJ9\" href='https:\/\/solarlehre.ch\/wp-content\/uploads\/2024\/02\/Swissolar_Blog-Schnuppern-9.jpg'><img loading=\"lazy\" width=\"300\" height=\"200\" src=\"https:\/\/solarlehre.ch\/wp-content\/uploads\/2024\/02\/Swissolar_Blog-Schnuppern-9-300x200.jpg\" class=\"attachment-medium size-medium\" alt=\"\" decoding=\"async\" srcset=\"https:\/\/solarlehre.ch\/wp-content\/uploads\/2024\/02\/Swissolar_Blog-Schnuppern-9-300x200.jpg 300w, https:\/\/solarlehre.ch\/wp-content\/uploads\/2024\/02\/Swissolar_Blog-Schnuppern-9-768x512.jpg 768w, https:\/\/solarlehre.ch\/wp-content\/uploads\/2024\/02\/Swissolar_Blog-Schnuppern-9.jpg 1200w\" sizes=\"(max-width: 300px) 100vw, 300px\" \/><\/a>\n\t\t\t<\/div><\/figure><figure class='gallery-item'>\n\t\t\t<div class='gallery-icon landscape'>\n\t\t\t\t<a data-elementor-open-lightbox=\"yes\" data-elementor-lightbox-slideshow=\"56e1773\" data-elementor-lightbox-title=\"Swissolar_Blog-Schnuppern-10\" data-e-action-hash=\"#elementor-action%3Aaction%3Dlightbox%26settings%3DeyJpZCI6ODkyNCwidXJsIjoiaHR0cHM6XC9cL3NvbGFybGVocmUuY2hcL3dwLWNvbnRlbnRcL3VwbG9hZHNcLzIwMjRcLzAyXC9Td2lzc29sYXJfQmxvZy1TY2hudXBwZXJuLTEwLmpwZyIsInNsaWRlc2hvdyI6IjU2ZTE3NzMifQ%3D%3D\" href='https:\/\/solarlehre.ch\/wp-content\/uploads\/2024\/02\/Swissolar_Blog-Schnuppern-10.jpg'><img loading=\"lazy\" width=\"300\" height=\"200\" src=\"https:\/\/solarlehre.ch\/wp-content\/uploads\/2024\/02\/Swissolar_Blog-Schnuppern-10-300x200.jpg\" class=\"attachment-medium size-medium\" alt=\"\" decoding=\"async\" srcset=\"https:\/\/solarlehre.ch\/wp-content\/uploads\/2024\/02\/Swissolar_Blog-Schnuppern-10-300x200.jpg 300w, https:\/\/solarlehre.ch\/wp-content\/uploads\/2024\/02\/Swissolar_Blog-Schnuppern-10-768x512.jpg 768w, https:\/\/solarlehre.ch\/wp-content\/uploads\/2024\/02\/Swissolar_Blog-Schnuppern-10.jpg 1200w\" sizes=\"(max-width: 300px) 100vw, 300px\" \/><\/a>\n\t\t\t<\/div><\/figure>\n\t\t<\/div>\n\t\t<\/div>\n\t\t\t\t\t\t<\/div>\n\t\t\t\t<\/div>\n\t\t\t\t<div class=\"elementor-element elementor-element-39e7ee6 elementor-widget elementor-widget-text-editor\" data-id=\"39e7ee6\" data-element_type=\"widget\" data-e-type=\"widget\" data-widget_type=\"text-editor.default\">\n\t\t\t\t<div class=\"elementor-widget-container\">\n\t\t\t\t\t\t\t\t\t<p><b>\u00a9 <\/b>Copyright Swissolar\/Reto Schlatter<\/p>\n\t\t\t\t\t\t\t\t<\/div>\n\t\t\t\t<\/div>\n\t\t\t\t\t<\/div>\n\t\t<\/div>\n\t\t\t\t\t<\/div>\n\t\t<\/section>\n\t\t\t\t<\/div>\n\t\t","protected":false},"excerpt":{"rendered":"<p>Ainda est\u00e1s indeciso quanto ao curso de forma\u00e7\u00e3o que gostarias de fazer depois da escola? Ent\u00e3o fa\u00e7am-no como o Lino!<\/p>\n","protected":false},"author":13,"featured_media":7803,"comment_status":"open","ping_status":"open","sticky":false,"template":"","format":"standard","meta":{"_acf_changed":false,"footnotes":""},"categories":[71],"tags":[91],"class_list":["post-7801","post","type-post","status-publish","format-standard","has-post-thumbnail","hentry","category-sem-categoria","tag-modelo-2"],"acf":[],"yoast_head":"<!-- This site is optimized with the Yoast SEO plugin v27.0 - https:\/\/yoast.com\/product\/yoast-seo-wordpress\/ -->\n<title>Vale a pena experimentar - Solarlehre - Lerne Solarinstallateur:in<\/title>\n<meta name=\"description\" content=\"Fa\u00e7a um est\u00e1gio experimental como instalador solar numa empresa perto de si e descubra se esta profiss\u00e3o \u00e9 adequada para si!\" \/>\n<meta name=\"robots\" content=\"index, follow, max-snippet:-1, max-image-preview:large, max-video-preview:-1\" \/>\n<link rel=\"canonical\" href=\"https:\/\/solarlehre.ch\/pt-pt\/vale-a-pena-experimentar\/\" \/>\n<meta property=\"og:locale\" content=\"pt_PT\" \/>\n<meta property=\"og:type\" content=\"article\" \/>\n<meta property=\"og:title\" content=\"Vale a pena experimentar - Solarlehre - Lerne Solarinstallateur:in\" \/>\n<meta property=\"og:description\" content=\"Fa\u00e7a um est\u00e1gio experimental como instalador solar numa empresa perto de si e descubra se esta profiss\u00e3o \u00e9 adequada para si!\" \/>\n<meta property=\"og:url\" content=\"https:\/\/solarlehre.ch\/pt-pt\/vale-a-pena-experimentar\/\" \/>\n<meta property=\"og:site_name\" content=\"Solarlehre - Lerne Solarinstallateur:in\" \/>\n<meta property=\"article:published_time\" content=\"2023-11-22T08:24:20+00:00\" \/>\n<meta property=\"article:modified_time\" content=\"2024-03-08T14:35:00+00:00\" \/>\n<meta property=\"og:image\" content=\"https:\/\/solarlehre.ch\/wp-content\/uploads\/2023\/11\/Swissolar_Blog-Schnuppern.jpg\" \/>\n\t<meta property=\"og:image:width\" content=\"600\" \/>\n\t<meta property=\"og:image:height\" content=\"799\" \/>\n\t<meta property=\"og:image:type\" content=\"image\/jpeg\" \/>\n<meta name=\"author\" content=\"Valentina Corti\" \/>\n<meta name=\"twitter:card\" content=\"summary_large_image\" \/>\n<meta name=\"twitter:label1\" content=\"Escrito por\" \/>\n\t<meta name=\"twitter:data1\" content=\"Valentina Corti\" \/>\n\t<meta name=\"twitter:label2\" content=\"Tempo estimado de leitura\" \/>\n\t<meta name=\"twitter:data2\" content=\"2 minutos\" \/>\n<script type=\"application\/ld+json\" class=\"yoast-schema-graph\">{\"@context\":\"https:\/\/schema.org\",\"@graph\":[{\"@type\":\"Article\",\"@id\":\"https:\/\/solarlehre.ch\/pt-pt\/vale-a-pena-experimentar\/#article\",\"isPartOf\":{\"@id\":\"https:\/\/solarlehre.ch\/pt-pt\/vale-a-pena-experimentar\/\"},\"author\":{\"name\":\"Valentina Corti\",\"@id\":\"https:\/\/solarlehre.ch\/pt-pt\/#\/schema\/person\/ab52d18c8694a7924908bef1aad28783\"},\"headline\":\"Vale a pena experimentar\",\"datePublished\":\"2023-11-22T08:24:20+00:00\",\"dateModified\":\"2024-03-08T14:35:00+00:00\",\"mainEntityOfPage\":{\"@id\":\"https:\/\/solarlehre.ch\/pt-pt\/vale-a-pena-experimentar\/\"},\"wordCount\":456,\"commentCount\":0,\"publisher\":{\"@id\":\"https:\/\/solarlehre.ch\/pt-pt\/#organization\"},\"image\":{\"@id\":\"https:\/\/solarlehre.ch\/pt-pt\/vale-a-pena-experimentar\/#primaryimage\"},\"thumbnailUrl\":\"https:\/\/solarlehre.ch\/wp-content\/uploads\/2023\/11\/Swissolar_Blog-Schnuppern.jpg\",\"keywords\":[\"Modelo 2\"],\"articleSection\":[\"Geral\"],\"inLanguage\":\"pt-PT\",\"potentialAction\":[{\"@type\":\"CommentAction\",\"name\":\"Comment\",\"target\":[\"https:\/\/solarlehre.ch\/pt-pt\/vale-a-pena-experimentar\/#respond\"]}]},{\"@type\":\"WebPage\",\"@id\":\"https:\/\/solarlehre.ch\/pt-pt\/vale-a-pena-experimentar\/\",\"url\":\"https:\/\/solarlehre.ch\/pt-pt\/vale-a-pena-experimentar\/\",\"name\":\"Vale a pena experimentar - Solarlehre - Lerne Solarinstallateur:in\",\"isPartOf\":{\"@id\":\"https:\/\/solarlehre.ch\/pt-pt\/#website\"},\"primaryImageOfPage\":{\"@id\":\"https:\/\/solarlehre.ch\/pt-pt\/vale-a-pena-experimentar\/#primaryimage\"},\"image\":{\"@id\":\"https:\/\/solarlehre.ch\/pt-pt\/vale-a-pena-experimentar\/#primaryimage\"},\"thumbnailUrl\":\"https:\/\/solarlehre.ch\/wp-content\/uploads\/2023\/11\/Swissolar_Blog-Schnuppern.jpg\",\"datePublished\":\"2023-11-22T08:24:20+00:00\",\"dateModified\":\"2024-03-08T14:35:00+00:00\",\"description\":\"Fa\u00e7a um est\u00e1gio experimental como instalador solar numa empresa perto de si e descubra se esta profiss\u00e3o \u00e9 adequada para si!\",\"breadcrumb\":{\"@id\":\"https:\/\/solarlehre.ch\/pt-pt\/vale-a-pena-experimentar\/#breadcrumb\"},\"inLanguage\":\"pt-PT\",\"potentialAction\":[{\"@type\":\"ReadAction\",\"target\":[\"https:\/\/solarlehre.ch\/pt-pt\/vale-a-pena-experimentar\/\"]}]},{\"@type\":\"ImageObject\",\"inLanguage\":\"pt-PT\",\"@id\":\"https:\/\/solarlehre.ch\/pt-pt\/vale-a-pena-experimentar\/#primaryimage\",\"url\":\"https:\/\/solarlehre.ch\/wp-content\/uploads\/2023\/11\/Swissolar_Blog-Schnuppern.jpg\",\"contentUrl\":\"https:\/\/solarlehre.ch\/wp-content\/uploads\/2023\/11\/Swissolar_Blog-Schnuppern.jpg\",\"width\":600,\"height\":799},{\"@type\":\"BreadcrumbList\",\"@id\":\"https:\/\/solarlehre.ch\/pt-pt\/vale-a-pena-experimentar\/#breadcrumb\",\"itemListElement\":[{\"@type\":\"ListItem\",\"position\":1,\"name\":\"Home\",\"item\":\"https:\/\/solarlehre.ch\/pt-pt\/\"},{\"@type\":\"ListItem\",\"position\":2,\"name\":\"Vale a pena experimentar\"}]},{\"@type\":\"WebSite\",\"@id\":\"https:\/\/solarlehre.ch\/pt-pt\/#website\",\"url\":\"https:\/\/solarlehre.ch\/pt-pt\/\",\"name\":\"Solarlehre - Lerne Solarinstallateur:in\",\"description\":\"\",\"publisher\":{\"@id\":\"https:\/\/solarlehre.ch\/pt-pt\/#organization\"},\"potentialAction\":[{\"@type\":\"SearchAction\",\"target\":{\"@type\":\"EntryPoint\",\"urlTemplate\":\"https:\/\/solarlehre.ch\/pt-pt\/?s={search_term_string}\"},\"query-input\":{\"@type\":\"PropertyValueSpecification\",\"valueRequired\":true,\"valueName\":\"search_term_string\"}}],\"inLanguage\":\"pt-PT\"},{\"@type\":\"Organization\",\"@id\":\"https:\/\/solarlehre.ch\/pt-pt\/#organization\",\"name\":\"Solarlehre - Lerne Solarinstallateur:in\",\"url\":\"https:\/\/solarlehre.ch\/pt-pt\/\",\"logo\":{\"@type\":\"ImageObject\",\"inLanguage\":\"pt-PT\",\"@id\":\"https:\/\/solarlehre.ch\/pt-pt\/#\/schema\/logo\/image\/\",\"url\":\"https:\/\/solarlehre.ch\/wp-content\/uploads\/2021\/02\/logo_negativ.png\",\"contentUrl\":\"https:\/\/solarlehre.ch\/wp-content\/uploads\/2021\/02\/logo_negativ.png\",\"width\":350,\"height\":92,\"caption\":\"Solarlehre - Lerne Solarinstallateur:in\"},\"image\":{\"@id\":\"https:\/\/solarlehre.ch\/pt-pt\/#\/schema\/logo\/image\/\"}},{\"@type\":\"Person\",\"@id\":\"https:\/\/solarlehre.ch\/pt-pt\/#\/schema\/person\/ab52d18c8694a7924908bef1aad28783\",\"name\":\"Valentina Corti\",\"image\":{\"@type\":\"ImageObject\",\"inLanguage\":\"pt-PT\",\"@id\":\"https:\/\/solarlehre.ch\/pt-pt\/#\/schema\/person\/image\/\",\"url\":\"https:\/\/secure.gravatar.com\/avatar\/4c323080a63df9ec7def347d1f57c4ce6430d817a35f718f1d6f681b2138f084?s=96&d=mm&r=g\",\"contentUrl\":\"https:\/\/secure.gravatar.com\/avatar\/4c323080a63df9ec7def347d1f57c4ce6430d817a35f718f1d6f681b2138f084?s=96&d=mm&r=g\",\"caption\":\"Valentina Corti\"}}]}<\/script>\n<!-- \/ Yoast SEO plugin. -->","yoast_head_json":{"title":"Vale a pena experimentar - Solarlehre - Lerne Solarinstallateur:in","description":"Fa\u00e7a um est\u00e1gio experimental como instalador solar numa empresa perto de si e descubra se esta profiss\u00e3o \u00e9 adequada para si!","robots":{"index":"index","follow":"follow","max-snippet":"max-snippet:-1","max-image-preview":"max-image-preview:large","max-video-preview":"max-video-preview:-1"},"canonical":"https:\/\/solarlehre.ch\/pt-pt\/vale-a-pena-experimentar\/","og_locale":"pt_PT","og_type":"article","og_title":"Vale a pena experimentar - Solarlehre - Lerne Solarinstallateur:in","og_description":"Fa\u00e7a um est\u00e1gio experimental como instalador solar numa empresa perto de si e descubra se esta profiss\u00e3o \u00e9 adequada para si!","og_url":"https:\/\/solarlehre.ch\/pt-pt\/vale-a-pena-experimentar\/","og_site_name":"Solarlehre - Lerne Solarinstallateur:in","article_published_time":"2023-11-22T08:24:20+00:00","article_modified_time":"2024-03-08T14:35:00+00:00","og_image":[{"width":600,"height":799,"url":"https:\/\/solarlehre.ch\/wp-content\/uploads\/2023\/11\/Swissolar_Blog-Schnuppern.jpg","type":"image\/jpeg"}],"author":"Valentina Corti","twitter_card":"summary_large_image","twitter_misc":{"Escrito por":"Valentina Corti","Tempo estimado de leitura":"2 minutos"},"schema":{"@context":"https:\/\/schema.org","@graph":[{"@type":"Article","@id":"https:\/\/solarlehre.ch\/pt-pt\/vale-a-pena-experimentar\/#article","isPartOf":{"@id":"https:\/\/solarlehre.ch\/pt-pt\/vale-a-pena-experimentar\/"},"author":{"name":"Valentina Corti","@id":"https:\/\/solarlehre.ch\/pt-pt\/#\/schema\/person\/ab52d18c8694a7924908bef1aad28783"},"headline":"Vale a pena experimentar","datePublished":"2023-11-22T08:24:20+00:00","dateModified":"2024-03-08T14:35:00+00:00","mainEntityOfPage":{"@id":"https:\/\/solarlehre.ch\/pt-pt\/vale-a-pena-experimentar\/"},"wordCount":456,"commentCount":0,"publisher":{"@id":"https:\/\/solarlehre.ch\/pt-pt\/#organization"},"image":{"@id":"https:\/\/solarlehre.ch\/pt-pt\/vale-a-pena-experimentar\/#primaryimage"},"thumbnailUrl":"https:\/\/solarlehre.ch\/wp-content\/uploads\/2023\/11\/Swissolar_Blog-Schnuppern.jpg","keywords":["Modelo 2"],"articleSection":["Geral"],"inLanguage":"pt-PT","potentialAction":[{"@type":"CommentAction","name":"Comment","target":["https:\/\/solarlehre.ch\/pt-pt\/vale-a-pena-experimentar\/#respond"]}]},{"@type":"WebPage","@id":"https:\/\/solarlehre.ch\/pt-pt\/vale-a-pena-experimentar\/","url":"https:\/\/solarlehre.ch\/pt-pt\/vale-a-pena-experimentar\/","name":"Vale a pena experimentar - Solarlehre - Lerne Solarinstallateur:in","isPartOf":{"@id":"https:\/\/solarlehre.ch\/pt-pt\/#website"},"primaryImageOfPage":{"@id":"https:\/\/solarlehre.ch\/pt-pt\/vale-a-pena-experimentar\/#primaryimage"},"image":{"@id":"https:\/\/solarlehre.ch\/pt-pt\/vale-a-pena-experimentar\/#primaryimage"},"thumbnailUrl":"https:\/\/solarlehre.ch\/wp-content\/uploads\/2023\/11\/Swissolar_Blog-Schnuppern.jpg","datePublished":"2023-11-22T08:24:20+00:00","dateModified":"2024-03-08T14:35:00+00:00","description":"Fa\u00e7a um est\u00e1gio experimental como instalador solar numa empresa perto de si e descubra se esta profiss\u00e3o \u00e9 adequada para si!","breadcrumb":{"@id":"https:\/\/solarlehre.ch\/pt-pt\/vale-a-pena-experimentar\/#breadcrumb"},"inLanguage":"pt-PT","potentialAction":[{"@type":"ReadAction","target":["https:\/\/solarlehre.ch\/pt-pt\/vale-a-pena-experimentar\/"]}]},{"@type":"ImageObject","inLanguage":"pt-PT","@id":"https:\/\/solarlehre.ch\/pt-pt\/vale-a-pena-experimentar\/#primaryimage","url":"https:\/\/solarlehre.ch\/wp-content\/uploads\/2023\/11\/Swissolar_Blog-Schnuppern.jpg","contentUrl":"https:\/\/solarlehre.ch\/wp-content\/uploads\/2023\/11\/Swissolar_Blog-Schnuppern.jpg","width":600,"height":799},{"@type":"BreadcrumbList","@id":"https:\/\/solarlehre.ch\/pt-pt\/vale-a-pena-experimentar\/#breadcrumb","itemListElement":[{"@type":"ListItem","position":1,"name":"Home","item":"https:\/\/solarlehre.ch\/pt-pt\/"},{"@type":"ListItem","position":2,"name":"Vale a pena experimentar"}]},{"@type":"WebSite","@id":"https:\/\/solarlehre.ch\/pt-pt\/#website","url":"https:\/\/solarlehre.ch\/pt-pt\/","name":"Solarlehre - Lerne Solarinstallateur:in","description":"","publisher":{"@id":"https:\/\/solarlehre.ch\/pt-pt\/#organization"},"potentialAction":[{"@type":"SearchAction","target":{"@type":"EntryPoint","urlTemplate":"https:\/\/solarlehre.ch\/pt-pt\/?s={search_term_string}"},"query-input":{"@type":"PropertyValueSpecification","valueRequired":true,"valueName":"search_term_string"}}],"inLanguage":"pt-PT"},{"@type":"Organization","@id":"https:\/\/solarlehre.ch\/pt-pt\/#organization","name":"Solarlehre - Lerne Solarinstallateur:in","url":"https:\/\/solarlehre.ch\/pt-pt\/","logo":{"@type":"ImageObject","inLanguage":"pt-PT","@id":"https:\/\/solarlehre.ch\/pt-pt\/#\/schema\/logo\/image\/","url":"https:\/\/solarlehre.ch\/wp-content\/uploads\/2021\/02\/logo_negativ.png","contentUrl":"https:\/\/solarlehre.ch\/wp-content\/uploads\/2021\/02\/logo_negativ.png","width":350,"height":92,"caption":"Solarlehre - Lerne Solarinstallateur:in"},"image":{"@id":"https:\/\/solarlehre.ch\/pt-pt\/#\/schema\/logo\/image\/"}},{"@type":"Person","@id":"https:\/\/solarlehre.ch\/pt-pt\/#\/schema\/person\/ab52d18c8694a7924908bef1aad28783","name":"Valentina Corti","image":{"@type":"ImageObject","inLanguage":"pt-PT","@id":"https:\/\/solarlehre.ch\/pt-pt\/#\/schema\/person\/image\/","url":"https:\/\/secure.gravatar.com\/avatar\/4c323080a63df9ec7def347d1f57c4ce6430d817a35f718f1d6f681b2138f084?s=96&d=mm&r=g","contentUrl":"https:\/\/secure.gravatar.com\/avatar\/4c323080a63df9ec7def347d1f57c4ce6430d817a35f718f1d6f681b2138f084?s=96&d=mm&r=g","caption":"Valentina Corti"}}]}},"_links":{"self":[{"href":"https:\/\/solarlehre.ch\/pt-pt\/wp-json\/wp\/v2\/posts\/7801","targetHints":{"allow":["GET"]}}],"collection":[{"href":"https:\/\/solarlehre.ch\/pt-pt\/wp-json\/wp\/v2\/posts"}],"about":[{"href":"https:\/\/solarlehre.ch\/pt-pt\/wp-json\/wp\/v2\/types\/post"}],"author":[{"embeddable":true,"href":"https:\/\/solarlehre.ch\/pt-pt\/wp-json\/wp\/v2\/users\/13"}],"replies":[{"embeddable":true,"href":"https:\/\/solarlehre.ch\/pt-pt\/wp-json\/wp\/v2\/comments?post=7801"}],"version-history":[{"count":18,"href":"https:\/\/solarlehre.ch\/pt-pt\/wp-json\/wp\/v2\/posts\/7801\/revisions"}],"predecessor-version":[{"id":9261,"href":"https:\/\/solarlehre.ch\/pt-pt\/wp-json\/wp\/v2\/posts\/7801\/revisions\/9261"}],"wp:featuredmedia":[{"embeddable":true,"href":"https:\/\/solarlehre.ch\/pt-pt\/wp-json\/wp\/v2\/media\/7803"}],"wp:attachment":[{"href":"https:\/\/solarlehre.ch\/pt-pt\/wp-json\/wp\/v2\/media?parent=7801"}],"wp:term":[{"taxonomy":"category","embeddable":true,"href":"https:\/\/solarlehre.ch\/pt-pt\/wp-json\/wp\/v2\/categories?post=7801"},{"taxonomy":"post_tag","embeddable":true,"href":"https:\/\/solarlehre.ch\/pt-pt\/wp-json\/wp\/v2\/tags?post=7801"}],"curies":[{"name":"wp","href":"https:\/\/api.w.org\/{rel}","templated":true}]}}