{"id":7522,"date":"2023-11-22T09:24:20","date_gmt":"2023-11-22T08:24:20","guid":{"rendered":"https:\/\/solarlehre.ch\/un-stage-dimmersion-cest-tres-utile\/"},"modified":"2024-03-08T15:37:07","modified_gmt":"2024-03-08T14:37:07","slug":"un-stage-dimmersion-cest-tres-utile","status":"publish","type":"post","link":"https:\/\/solarlehre.ch\/fr\/un-stage-dimmersion-cest-tres-utile\/","title":{"rendered":"Un stage d\u2019immersion, c\u2019est tr\u00e8s utile"},"content":{"rendered":"\t\t<div data-elementor-type=\"wp-post\" data-elementor-id=\"7522\" class=\"elementor elementor-7522 elementor-7350\" data-elementor-settings=\"{&quot;ha_cmc_init_switcher&quot;:&quot;no&quot;}\" data-elementor-post-type=\"post\">\n\t\t\t\t\t\t<section class=\"elementor-section elementor-top-section elementor-element elementor-element-b5cc072 elementor-section-boxed elementor-section-height-default elementor-section-height-default\" data-id=\"b5cc072\" data-element_type=\"section\" data-e-type=\"section\" data-settings=\"{&quot;_ha_eqh_enable&quot;:false}\">\n\t\t\t\t\t\t<div class=\"elementor-container elementor-column-gap-default\">\n\t\t\t\t\t<div class=\"elementor-column elementor-col-100 elementor-top-column elementor-element elementor-element-50114c2\" data-id=\"50114c2\" data-element_type=\"column\" data-e-type=\"column\">\n\t\t\t<div class=\"elementor-widget-wrap elementor-element-populated\">\n\t\t\t\t\t\t<div class=\"elementor-element elementor-element-d227920 elementor-widget elementor-widget-text-editor\" data-id=\"d227920\" data-element_type=\"widget\" data-e-type=\"widget\" data-widget_type=\"text-editor.default\">\n\t\t\t\t<div class=\"elementor-widget-container\">\n\t\t\t\t\t\t\t\t\t<p>Un stage d\u2019immersion te permet de d\u00e9couvrir de pr\u00e8s tout ce que fait une\/un <a href=\"https:\/\/solarlehre.ch\/berufsbild\/\"><u>installatrice\/installateur<\/u><\/a> solaire et de savoir si ce m\u00e9tier pourrait te convenir \u00e0 toi aussi. Lino nous fait part ici de ses exp\u00e9riences et de ses impressions en tant que stagiaire.<\/p>\n<p><strong>Aucun jour ne se ressemble<\/strong> <br \/>Il est 7 heures et Lino arrive chez CKW, l\u2019entreprise o\u00f9 a lieu son stage d\u2019immersion. Il est chaleureusement accueilli par Samuel. Cet \u00e9lectricien de formation \u00e2g\u00e9 de 25 ans travaille ici en tant qu\u2019installateur et technicien de service. Avec Bahar, elle aussi \u00e9lectricienne de montage de formation, ils pr\u00e9parent le mat\u00e9riel pour le montage de la journ\u00e9e : des modules photovolta\u00efques, des c\u00e2bles et des onduleurs. Les outils personnels tels que pinces, perceuses et tournevis, se trouvent d\u00e9j\u00e0 dans le fourgon. Et c\u2019est parti pour Kriens. Au programme : l\u2019installation de panneaux solaires sur le toit d\u2019une entreprise industrielle. La veille, Lino a d\u00e9j\u00e0 aid\u00e9 \u00e0 fixer la sous-construction sur le toit. Il a vite pris le pli.<\/p>\n\t\t\t\t\t\t\t\t<\/div>\n\t\t\t\t<\/div>\n\t\t\t\t<div class=\"elementor-element elementor-element-b6b4fec elementor-widget elementor-widget-image\" data-id=\"b6b4fec\" data-element_type=\"widget\" data-e-type=\"widget\" data-widget_type=\"image.default\">\n\t\t\t\t<div class=\"elementor-widget-container\">\n\t\t\t\t\t\t\t\t\t\t\t\t\t\t\t<img fetchpriority=\"high\" decoding=\"async\" width=\"800\" height=\"533\" src=\"https:\/\/solarlehre.ch\/wp-content\/uploads\/2024\/02\/Swissolar_Blog-Schnuppern-3.jpg\" class=\"attachment-large size-large wp-image-8885\" alt=\"\" srcset=\"https:\/\/solarlehre.ch\/wp-content\/uploads\/2024\/02\/Swissolar_Blog-Schnuppern-3.jpg 1200w, https:\/\/solarlehre.ch\/wp-content\/uploads\/2024\/02\/Swissolar_Blog-Schnuppern-3-300x200.jpg 300w, https:\/\/solarlehre.ch\/wp-content\/uploads\/2024\/02\/Swissolar_Blog-Schnuppern-3-768x512.jpg 768w\" sizes=\"(max-width: 800px) 100vw, 800px\" \/>\t\t\t\t\t\t\t\t\t\t\t\t\t\t\t<\/div>\n\t\t\t\t<\/div>\n\t\t\t\t<div class=\"elementor-element elementor-element-ad2211c elementor-widget elementor-widget-text-editor\" data-id=\"ad2211c\" data-element_type=\"widget\" data-e-type=\"widget\" data-widget_type=\"text-editor.default\">\n\t\t\t\t<div class=\"elementor-widget-container\">\n\t\t\t\t\t\t\t\t\t<p><strong>Une profession pour les amatrices et amateurs de plein air<\/strong> <br \/>Samuel explique ce qu\u2019il faut faire et Lino met vigoureusement la main \u00e0 la p\u00e2te. Lino le sait : la prudence est le ma\u00eetre mot, qu\u2019il s\u2019agisse d\u2019un toit plat ou d\u2019un toit en pente. Porter le mat\u00e9riel n\u2019est pas un probl\u00e8me pour le footballeur amateur de 16 ans : \u00ab Les modules ne sont pas particuli\u00e8rement lourds. Il faut juste faire attention \u00e0 ne rien endommager. \u00bb Sur le plan, l\u2019on voit comment les modules doivent \u00eatre dispos\u00e9s et reli\u00e9s les uns aux autres. \u00ab Apr\u00e8s le montage, nous brancherons l\u2019onduleur \u00bb, explique Samuel. Celui-ci convertit le courant continu produit par l\u2019installation solaire en courant alternatif n\u00e9cessaire \u00e0 l\u2019utilisation dans le b\u00e2timent et \u00e0 l\u2019injection dans le r\u00e9seau basse tension. Le travail d\u2019\u00e9quipe est important, mais le contact avec les clients fait lui aussi partie du m\u00e9tier, notamment lorsqu\u2019il est question d\u2019\u00e9quipements compl\u00e9mentaires destin\u00e9s \u00e0 des installations sur des maisons individuelles.<\/p>\n\t\t\t\t\t\t\t\t<\/div>\n\t\t\t\t<\/div>\n\t\t\t\t<div class=\"elementor-element elementor-element-6d43059 elementor-widget elementor-widget-image\" data-id=\"6d43059\" data-element_type=\"widget\" data-e-type=\"widget\" data-widget_type=\"image.default\">\n\t\t\t\t<div class=\"elementor-widget-container\">\n\t\t\t\t\t\t\t\t\t\t\t\t\t\t\t<img decoding=\"async\" width=\"800\" height=\"533\" src=\"https:\/\/solarlehre.ch\/wp-content\/uploads\/2024\/02\/Swissolar_Blog-Schnuppern-1.jpg\" class=\"attachment-large size-large wp-image-8873\" alt=\"\" srcset=\"https:\/\/solarlehre.ch\/wp-content\/uploads\/2024\/02\/Swissolar_Blog-Schnuppern-1.jpg 1200w, https:\/\/solarlehre.ch\/wp-content\/uploads\/2024\/02\/Swissolar_Blog-Schnuppern-1-300x200.jpg 300w, https:\/\/solarlehre.ch\/wp-content\/uploads\/2024\/02\/Swissolar_Blog-Schnuppern-1-768x512.jpg 768w\" sizes=\"(max-width: 800px) 100vw, 800px\" \/>\t\t\t\t\t\t\t\t\t\t\t\t\t\t\t<\/div>\n\t\t\t\t<\/div>\n\t\t\t\t<div class=\"elementor-element elementor-element-2f2ad4b elementor-widget elementor-widget-text-editor\" data-id=\"2f2ad4b\" data-element_type=\"widget\" data-e-type=\"widget\" data-widget_type=\"text-editor.default\">\n\t\t\t\t<div class=\"elementor-widget-container\">\n\t\t\t\t\t\t\t\t\t<p><strong>Un quotidien plein d\u2019action<\/strong> <br \/>La journ\u00e9e de travail se termine \u00e0 16 heures. Lino est fatigu\u00e9, mais il attend d\u00e9j\u00e0 le lendemain avec impatience. \u00ab Se lever t\u00f4t n\u00e9cessite de l\u2019entra\u00eenement, mais je trouve \u00e7a extra de finir sa journ\u00e9e de travail si t\u00f4t. \u00bb Apr\u00e8s ces deux journ\u00e9es riches en \u00e9v\u00e9nements, il se voit bien effectuer l\u2019apprentissage d\u2019installateur solaire : \u00ab C\u2019est un m\u00e9tier qui a du sens, avec beaucoup d\u2019action. On travaille toujours en \u00e9quipe, on est dehors sur des toits \u00e9lev\u00e9s et on a une vue g\u00e9niale ! \u00bb<\/p>\n<p>Nous avons piqu\u00e9 ta curiosit\u00e9 ? Alors go\u00fbte <span style=\"text-decoration: underline;\"><a href=\"https:\/\/solarlehre.ch\/lehrstellen\/\">ici<\/a><\/span> pour une entreprise formatrice.<\/p>\n\t\t\t\t\t\t\t\t<\/div>\n\t\t\t\t<\/div>\n\t\t\t\t<div class=\"elementor-element elementor-element-56e1773 gallery-spacing-custom elementor-widget elementor-widget-image-gallery\" data-id=\"56e1773\" data-element_type=\"widget\" data-e-type=\"widget\" data-widget_type=\"image-gallery.default\">\n\t\t\t\t<div class=\"elementor-widget-container\">\n\t\t\t\t\t\t\t<div class=\"elementor-image-gallery\">\n\t\t\t<div id='gallery-1' class='gallery galleryid-7522 gallery-columns-3 gallery-size-medium'><figure class='gallery-item'>\n\t\t\t<div class='gallery-icon landscape'>\n\t\t\t\t<a data-elementor-open-lightbox=\"yes\" data-elementor-lightbox-slideshow=\"56e1773\" data-elementor-lightbox-title=\"Swissolar_Blog-Schnuppern-1\" data-e-action-hash=\"#elementor-action%3Aaction%3Dlightbox%26settings%3DeyJpZCI6ODg3MywidXJsIjoiaHR0cHM6XC9cL3NvbGFybGVocmUuY2hcL3dwLWNvbnRlbnRcL3VwbG9hZHNcLzIwMjRcLzAyXC9Td2lzc29sYXJfQmxvZy1TY2hudXBwZXJuLTEuanBnIiwic2xpZGVzaG93IjoiNTZlMTc3MyJ9\" href='https:\/\/solarlehre.ch\/wp-content\/uploads\/2024\/02\/Swissolar_Blog-Schnuppern-1.jpg'><img width=\"300\" height=\"200\" src=\"https:\/\/solarlehre.ch\/wp-content\/uploads\/2024\/02\/Swissolar_Blog-Schnuppern-1-300x200.jpg\" class=\"attachment-medium size-medium\" alt=\"\" decoding=\"async\" srcset=\"https:\/\/solarlehre.ch\/wp-content\/uploads\/2024\/02\/Swissolar_Blog-Schnuppern-1-300x200.jpg 300w, https:\/\/solarlehre.ch\/wp-content\/uploads\/2024\/02\/Swissolar_Blog-Schnuppern-1-768x512.jpg 768w, https:\/\/solarlehre.ch\/wp-content\/uploads\/2024\/02\/Swissolar_Blog-Schnuppern-1.jpg 1200w\" sizes=\"(max-width: 300px) 100vw, 300px\" \/><\/a>\n\t\t\t<\/div><\/figure><figure class='gallery-item'>\n\t\t\t<div class='gallery-icon landscape'>\n\t\t\t\t<a data-elementor-open-lightbox=\"yes\" data-elementor-lightbox-slideshow=\"56e1773\" data-elementor-lightbox-title=\"Swissolar_Blog-Schnuppern-2\" data-e-action-hash=\"#elementor-action%3Aaction%3Dlightbox%26settings%3DeyJpZCI6ODg3OSwidXJsIjoiaHR0cHM6XC9cL3NvbGFybGVocmUuY2hcL3dwLWNvbnRlbnRcL3VwbG9hZHNcLzIwMjRcLzAyXC9Td2lzc29sYXJfQmxvZy1TY2hudXBwZXJuLTIuanBnIiwic2xpZGVzaG93IjoiNTZlMTc3MyJ9\" href='https:\/\/solarlehre.ch\/wp-content\/uploads\/2024\/02\/Swissolar_Blog-Schnuppern-2.jpg'><img loading=\"lazy\" width=\"300\" height=\"200\" src=\"https:\/\/solarlehre.ch\/wp-content\/uploads\/2024\/02\/Swissolar_Blog-Schnuppern-2-300x200.jpg\" class=\"attachment-medium size-medium\" alt=\"\" decoding=\"async\" srcset=\"https:\/\/solarlehre.ch\/wp-content\/uploads\/2024\/02\/Swissolar_Blog-Schnuppern-2-300x200.jpg 300w, https:\/\/solarlehre.ch\/wp-content\/uploads\/2024\/02\/Swissolar_Blog-Schnuppern-2-768x512.jpg 768w, https:\/\/solarlehre.ch\/wp-content\/uploads\/2024\/02\/Swissolar_Blog-Schnuppern-2.jpg 1200w\" sizes=\"(max-width: 300px) 100vw, 300px\" \/><\/a>\n\t\t\t<\/div><\/figure><figure class='gallery-item'>\n\t\t\t<div class='gallery-icon landscape'>\n\t\t\t\t<a data-elementor-open-lightbox=\"yes\" data-elementor-lightbox-slideshow=\"56e1773\" data-elementor-lightbox-title=\"Swissolar_Blog-Schnuppern-3\" data-e-action-hash=\"#elementor-action%3Aaction%3Dlightbox%26settings%3DeyJpZCI6ODg4NSwidXJsIjoiaHR0cHM6XC9cL3NvbGFybGVocmUuY2hcL3dwLWNvbnRlbnRcL3VwbG9hZHNcLzIwMjRcLzAyXC9Td2lzc29sYXJfQmxvZy1TY2hudXBwZXJuLTMuanBnIiwic2xpZGVzaG93IjoiNTZlMTc3MyJ9\" href='https:\/\/solarlehre.ch\/wp-content\/uploads\/2024\/02\/Swissolar_Blog-Schnuppern-3.jpg'><img loading=\"lazy\" width=\"300\" height=\"200\" src=\"https:\/\/solarlehre.ch\/wp-content\/uploads\/2024\/02\/Swissolar_Blog-Schnuppern-3-300x200.jpg\" class=\"attachment-medium size-medium\" alt=\"\" decoding=\"async\" srcset=\"https:\/\/solarlehre.ch\/wp-content\/uploads\/2024\/02\/Swissolar_Blog-Schnuppern-3-300x200.jpg 300w, https:\/\/solarlehre.ch\/wp-content\/uploads\/2024\/02\/Swissolar_Blog-Schnuppern-3-768x512.jpg 768w, https:\/\/solarlehre.ch\/wp-content\/uploads\/2024\/02\/Swissolar_Blog-Schnuppern-3.jpg 1200w\" sizes=\"(max-width: 300px) 100vw, 300px\" \/><\/a>\n\t\t\t<\/div><\/figure><figure class='gallery-item'>\n\t\t\t<div class='gallery-icon landscape'>\n\t\t\t\t<a data-elementor-open-lightbox=\"yes\" data-elementor-lightbox-slideshow=\"56e1773\" data-elementor-lightbox-title=\"Swissolar_Blog-Schnuppern-5\" data-e-action-hash=\"#elementor-action%3Aaction%3Dlightbox%26settings%3DeyJpZCI6ODg5MSwidXJsIjoiaHR0cHM6XC9cL3NvbGFybGVocmUuY2hcL3dwLWNvbnRlbnRcL3VwbG9hZHNcLzIwMjRcLzAyXC9Td2lzc29sYXJfQmxvZy1TY2hudXBwZXJuLTUuanBnIiwic2xpZGVzaG93IjoiNTZlMTc3MyJ9\" href='https:\/\/solarlehre.ch\/wp-content\/uploads\/2024\/02\/Swissolar_Blog-Schnuppern-5.jpg'><img loading=\"lazy\" width=\"300\" height=\"200\" src=\"https:\/\/solarlehre.ch\/wp-content\/uploads\/2024\/02\/Swissolar_Blog-Schnuppern-5-300x200.jpg\" class=\"attachment-medium size-medium\" alt=\"\" decoding=\"async\" srcset=\"https:\/\/solarlehre.ch\/wp-content\/uploads\/2024\/02\/Swissolar_Blog-Schnuppern-5-300x200.jpg 300w, https:\/\/solarlehre.ch\/wp-content\/uploads\/2024\/02\/Swissolar_Blog-Schnuppern-5-768x512.jpg 768w, https:\/\/solarlehre.ch\/wp-content\/uploads\/2024\/02\/Swissolar_Blog-Schnuppern-5.jpg 1200w\" sizes=\"(max-width: 300px) 100vw, 300px\" \/><\/a>\n\t\t\t<\/div><\/figure><figure class='gallery-item'>\n\t\t\t<div class='gallery-icon landscape'>\n\t\t\t\t<a data-elementor-open-lightbox=\"yes\" data-elementor-lightbox-slideshow=\"56e1773\" data-elementor-lightbox-title=\"Swissolar_Blog-Schnuppern-6\" data-e-action-hash=\"#elementor-action%3Aaction%3Dlightbox%26settings%3DeyJpZCI6ODg5NywidXJsIjoiaHR0cHM6XC9cL3NvbGFybGVocmUuY2hcL3dwLWNvbnRlbnRcL3VwbG9hZHNcLzIwMjRcLzAyXC9Td2lzc29sYXJfQmxvZy1TY2hudXBwZXJuLTYuanBnIiwic2xpZGVzaG93IjoiNTZlMTc3MyJ9\" href='https:\/\/solarlehre.ch\/wp-content\/uploads\/2024\/02\/Swissolar_Blog-Schnuppern-6.jpg'><img loading=\"lazy\" width=\"300\" height=\"200\" src=\"https:\/\/solarlehre.ch\/wp-content\/uploads\/2024\/02\/Swissolar_Blog-Schnuppern-6-300x200.jpg\" class=\"attachment-medium size-medium\" alt=\"\" decoding=\"async\" srcset=\"https:\/\/solarlehre.ch\/wp-content\/uploads\/2024\/02\/Swissolar_Blog-Schnuppern-6-300x200.jpg 300w, https:\/\/solarlehre.ch\/wp-content\/uploads\/2024\/02\/Swissolar_Blog-Schnuppern-6-768x512.jpg 768w, https:\/\/solarlehre.ch\/wp-content\/uploads\/2024\/02\/Swissolar_Blog-Schnuppern-6.jpg 1200w\" sizes=\"(max-width: 300px) 100vw, 300px\" \/><\/a>\n\t\t\t<\/div><\/figure><figure class='gallery-item'>\n\t\t\t<div class='gallery-icon landscape'>\n\t\t\t\t<a data-elementor-open-lightbox=\"yes\" data-elementor-lightbox-slideshow=\"56e1773\" data-elementor-lightbox-title=\"Swissolar_Blog-Schnuppern-7\" data-e-action-hash=\"#elementor-action%3Aaction%3Dlightbox%26settings%3DeyJpZCI6ODkwMywidXJsIjoiaHR0cHM6XC9cL3NvbGFybGVocmUuY2hcL3dwLWNvbnRlbnRcL3VwbG9hZHNcLzIwMjRcLzAyXC9Td2lzc29sYXJfQmxvZy1TY2hudXBwZXJuLTcuanBnIiwic2xpZGVzaG93IjoiNTZlMTc3MyJ9\" href='https:\/\/solarlehre.ch\/wp-content\/uploads\/2024\/02\/Swissolar_Blog-Schnuppern-7.jpg'><img loading=\"lazy\" width=\"300\" height=\"200\" src=\"https:\/\/solarlehre.ch\/wp-content\/uploads\/2024\/02\/Swissolar_Blog-Schnuppern-7-300x200.jpg\" class=\"attachment-medium size-medium\" alt=\"\" decoding=\"async\" srcset=\"https:\/\/solarlehre.ch\/wp-content\/uploads\/2024\/02\/Swissolar_Blog-Schnuppern-7-300x200.jpg 300w, https:\/\/solarlehre.ch\/wp-content\/uploads\/2024\/02\/Swissolar_Blog-Schnuppern-7-768x512.jpg 768w, https:\/\/solarlehre.ch\/wp-content\/uploads\/2024\/02\/Swissolar_Blog-Schnuppern-7.jpg 1200w\" sizes=\"(max-width: 300px) 100vw, 300px\" \/><\/a>\n\t\t\t<\/div><\/figure><figure class='gallery-item'>\n\t\t\t<div class='gallery-icon landscape'>\n\t\t\t\t<a data-elementor-open-lightbox=\"yes\" data-elementor-lightbox-slideshow=\"56e1773\" data-elementor-lightbox-title=\"Swissolar_Blog-Schnuppern-8\" data-e-action-hash=\"#elementor-action%3Aaction%3Dlightbox%26settings%3DeyJpZCI6ODkwOSwidXJsIjoiaHR0cHM6XC9cL3NvbGFybGVocmUuY2hcL3dwLWNvbnRlbnRcL3VwbG9hZHNcLzIwMjRcLzAyXC9Td2lzc29sYXJfQmxvZy1TY2hudXBwZXJuLTguanBnIiwic2xpZGVzaG93IjoiNTZlMTc3MyJ9\" href='https:\/\/solarlehre.ch\/wp-content\/uploads\/2024\/02\/Swissolar_Blog-Schnuppern-8.jpg'><img loading=\"lazy\" width=\"300\" height=\"200\" src=\"https:\/\/solarlehre.ch\/wp-content\/uploads\/2024\/02\/Swissolar_Blog-Schnuppern-8-300x200.jpg\" class=\"attachment-medium size-medium\" alt=\"\" decoding=\"async\" srcset=\"https:\/\/solarlehre.ch\/wp-content\/uploads\/2024\/02\/Swissolar_Blog-Schnuppern-8-300x200.jpg 300w, https:\/\/solarlehre.ch\/wp-content\/uploads\/2024\/02\/Swissolar_Blog-Schnuppern-8-768x512.jpg 768w, https:\/\/solarlehre.ch\/wp-content\/uploads\/2024\/02\/Swissolar_Blog-Schnuppern-8.jpg 1200w\" sizes=\"(max-width: 300px) 100vw, 300px\" \/><\/a>\n\t\t\t<\/div><\/figure><figure class='gallery-item'>\n\t\t\t<div class='gallery-icon landscape'>\n\t\t\t\t<a data-elementor-open-lightbox=\"yes\" data-elementor-lightbox-slideshow=\"56e1773\" data-elementor-lightbox-title=\"Swissolar_Blog-Schnuppern-9\" data-e-action-hash=\"#elementor-action%3Aaction%3Dlightbox%26settings%3DeyJpZCI6ODkxNSwidXJsIjoiaHR0cHM6XC9cL3NvbGFybGVocmUuY2hcL3dwLWNvbnRlbnRcL3VwbG9hZHNcLzIwMjRcLzAyXC9Td2lzc29sYXJfQmxvZy1TY2hudXBwZXJuLTkuanBnIiwic2xpZGVzaG93IjoiNTZlMTc3MyJ9\" href='https:\/\/solarlehre.ch\/wp-content\/uploads\/2024\/02\/Swissolar_Blog-Schnuppern-9.jpg'><img loading=\"lazy\" width=\"300\" height=\"200\" src=\"https:\/\/solarlehre.ch\/wp-content\/uploads\/2024\/02\/Swissolar_Blog-Schnuppern-9-300x200.jpg\" class=\"attachment-medium size-medium\" alt=\"\" decoding=\"async\" srcset=\"https:\/\/solarlehre.ch\/wp-content\/uploads\/2024\/02\/Swissolar_Blog-Schnuppern-9-300x200.jpg 300w, https:\/\/solarlehre.ch\/wp-content\/uploads\/2024\/02\/Swissolar_Blog-Schnuppern-9-768x512.jpg 768w, https:\/\/solarlehre.ch\/wp-content\/uploads\/2024\/02\/Swissolar_Blog-Schnuppern-9.jpg 1200w\" sizes=\"(max-width: 300px) 100vw, 300px\" \/><\/a>\n\t\t\t<\/div><\/figure><figure class='gallery-item'>\n\t\t\t<div class='gallery-icon landscape'>\n\t\t\t\t<a data-elementor-open-lightbox=\"yes\" data-elementor-lightbox-slideshow=\"56e1773\" data-elementor-lightbox-title=\"Swissolar_Blog-Schnuppern-10\" data-e-action-hash=\"#elementor-action%3Aaction%3Dlightbox%26settings%3DeyJpZCI6ODkyMSwidXJsIjoiaHR0cHM6XC9cL3NvbGFybGVocmUuY2hcL3dwLWNvbnRlbnRcL3VwbG9hZHNcLzIwMjRcLzAyXC9Td2lzc29sYXJfQmxvZy1TY2hudXBwZXJuLTEwLmpwZyIsInNsaWRlc2hvdyI6IjU2ZTE3NzMifQ%3D%3D\" href='https:\/\/solarlehre.ch\/wp-content\/uploads\/2024\/02\/Swissolar_Blog-Schnuppern-10.jpg'><img loading=\"lazy\" width=\"300\" height=\"200\" src=\"https:\/\/solarlehre.ch\/wp-content\/uploads\/2024\/02\/Swissolar_Blog-Schnuppern-10-300x200.jpg\" class=\"attachment-medium size-medium\" alt=\"\" decoding=\"async\" srcset=\"https:\/\/solarlehre.ch\/wp-content\/uploads\/2024\/02\/Swissolar_Blog-Schnuppern-10-300x200.jpg 300w, https:\/\/solarlehre.ch\/wp-content\/uploads\/2024\/02\/Swissolar_Blog-Schnuppern-10-768x512.jpg 768w, https:\/\/solarlehre.ch\/wp-content\/uploads\/2024\/02\/Swissolar_Blog-Schnuppern-10.jpg 1200w\" sizes=\"(max-width: 300px) 100vw, 300px\" \/><\/a>\n\t\t\t<\/div><\/figure>\n\t\t<\/div>\n\t\t<\/div>\n\t\t\t\t\t\t<\/div>\n\t\t\t\t<\/div>\n\t\t\t\t<div class=\"elementor-element elementor-element-39e7ee6 elementor-widget elementor-widget-text-editor\" data-id=\"39e7ee6\" data-element_type=\"widget\" data-e-type=\"widget\" data-widget_type=\"text-editor.default\">\n\t\t\t\t<div class=\"elementor-widget-container\">\n\t\t\t\t\t\t\t\t\t<p><b>Copyright <\/b>Swissolar\/Reto Schlatter<\/p>\n\t\t\t\t\t\t\t\t<\/div>\n\t\t\t\t<\/div>\n\t\t\t\t\t<\/div>\n\t\t<\/div>\n\t\t\t\t\t<\/div>\n\t\t<\/section>\n\t\t\t\t<\/div>\n\t\t","protected":false},"excerpt":{"rendered":"<p>Tu h\u00e9sites encore sur la formation que tu veux suivre apr\u00e8s l\u2019\u00e9cole ? Alors fais comme Lino !<\/p>\n","protected":false},"author":13,"featured_media":7400,"comment_status":"open","ping_status":"open","sticky":false,"template":"","format":"standard","meta":{"_acf_changed":false,"footnotes":""},"categories":[54],"tags":[89],"class_list":["post-7522","post","type-post","status-publish","format-standard","has-post-thumbnail","hentry","category-non-classifiee","tag-modele-2"],"acf":[],"yoast_head":"<!-- This site is optimized with the Yoast SEO plugin v27.0 - https:\/\/yoast.com\/product\/yoast-seo-wordpress\/ -->\n<title>Un stage d\u2019immersion, c\u2019est tr\u00e8s utile - Solarlehre - Lerne Solarinstallateur:in<\/title>\n<meta name=\"description\" content=\"Fais un stage d&#039;initiation au m\u00e9tier d&#039;installateur\/trice solaire dans une entreprise pr\u00e8s de chez toi et d\u00e9couvre si ce m\u00e9tier est fait pour toi !\" \/>\n<meta name=\"robots\" content=\"index, follow, max-snippet:-1, max-image-preview:large, max-video-preview:-1\" \/>\n<link rel=\"canonical\" href=\"https:\/\/solarlehre.ch\/fr\/un-stage-dimmersion-cest-tres-utile\/\" \/>\n<meta property=\"og:locale\" content=\"fr_FR\" \/>\n<meta property=\"og:type\" content=\"article\" \/>\n<meta property=\"og:title\" content=\"Un stage d\u2019immersion, c\u2019est tr\u00e8s utile - Solarlehre - Lerne Solarinstallateur:in\" \/>\n<meta property=\"og:description\" content=\"Fais un stage d&#039;initiation au m\u00e9tier d&#039;installateur\/trice solaire dans une entreprise pr\u00e8s de chez toi et d\u00e9couvre si ce m\u00e9tier est fait pour toi !\" \/>\n<meta property=\"og:url\" content=\"https:\/\/solarlehre.ch\/fr\/un-stage-dimmersion-cest-tres-utile\/\" \/>\n<meta property=\"og:site_name\" content=\"Solarlehre - Lerne Solarinstallateur:in\" \/>\n<meta property=\"article:published_time\" content=\"2023-11-22T08:24:20+00:00\" \/>\n<meta property=\"article:modified_time\" content=\"2024-03-08T14:37:07+00:00\" \/>\n<meta property=\"og:image\" content=\"https:\/\/solarlehre.ch\/wp-content\/uploads\/2023\/11\/Swissolar_Blog-Schnuppern.jpg\" \/>\n\t<meta property=\"og:image:width\" content=\"600\" \/>\n\t<meta property=\"og:image:height\" content=\"799\" \/>\n\t<meta property=\"og:image:type\" content=\"image\/jpeg\" \/>\n<meta name=\"author\" content=\"Valentina Corti\" \/>\n<meta name=\"twitter:card\" content=\"summary_large_image\" \/>\n<meta name=\"twitter:label1\" content=\"\u00c9crit par\" \/>\n\t<meta name=\"twitter:data1\" content=\"Valentina Corti\" \/>\n\t<meta name=\"twitter:label2\" content=\"Dur\u00e9e de lecture estim\u00e9e\" \/>\n\t<meta name=\"twitter:data2\" content=\"2 minutes\" \/>\n<script type=\"application\/ld+json\" class=\"yoast-schema-graph\">{\"@context\":\"https:\/\/schema.org\",\"@graph\":[{\"@type\":\"Article\",\"@id\":\"https:\/\/solarlehre.ch\/fr\/un-stage-dimmersion-cest-tres-utile\/#article\",\"isPartOf\":{\"@id\":\"https:\/\/solarlehre.ch\/fr\/un-stage-dimmersion-cest-tres-utile\/\"},\"author\":{\"name\":\"Valentina Corti\",\"@id\":\"https:\/\/solarlehre.ch\/fr\/#\/schema\/person\/ab52d18c8694a7924908bef1aad28783\"},\"headline\":\"Un stage d\u2019immersion, c\u2019est tr\u00e8s utile\",\"datePublished\":\"2023-11-22T08:24:20+00:00\",\"dateModified\":\"2024-03-08T14:37:07+00:00\",\"mainEntityOfPage\":{\"@id\":\"https:\/\/solarlehre.ch\/fr\/un-stage-dimmersion-cest-tres-utile\/\"},\"wordCount\":489,\"commentCount\":0,\"publisher\":{\"@id\":\"https:\/\/solarlehre.ch\/fr\/#organization\"},\"image\":{\"@id\":\"https:\/\/solarlehre.ch\/fr\/un-stage-dimmersion-cest-tres-utile\/#primaryimage\"},\"thumbnailUrl\":\"https:\/\/solarlehre.ch\/wp-content\/uploads\/2023\/11\/Swissolar_Blog-Schnuppern.jpg\",\"keywords\":[\"Mod\u00e8le 2\"],\"articleSection\":[\"G\u00e9n\u00e9ral\"],\"inLanguage\":\"fr-FR\",\"potentialAction\":[{\"@type\":\"CommentAction\",\"name\":\"Comment\",\"target\":[\"https:\/\/solarlehre.ch\/fr\/un-stage-dimmersion-cest-tres-utile\/#respond\"]}]},{\"@type\":\"WebPage\",\"@id\":\"https:\/\/solarlehre.ch\/fr\/un-stage-dimmersion-cest-tres-utile\/\",\"url\":\"https:\/\/solarlehre.ch\/fr\/un-stage-dimmersion-cest-tres-utile\/\",\"name\":\"Un stage d\u2019immersion, c\u2019est tr\u00e8s utile - Solarlehre - Lerne Solarinstallateur:in\",\"isPartOf\":{\"@id\":\"https:\/\/solarlehre.ch\/fr\/#website\"},\"primaryImageOfPage\":{\"@id\":\"https:\/\/solarlehre.ch\/fr\/un-stage-dimmersion-cest-tres-utile\/#primaryimage\"},\"image\":{\"@id\":\"https:\/\/solarlehre.ch\/fr\/un-stage-dimmersion-cest-tres-utile\/#primaryimage\"},\"thumbnailUrl\":\"https:\/\/solarlehre.ch\/wp-content\/uploads\/2023\/11\/Swissolar_Blog-Schnuppern.jpg\",\"datePublished\":\"2023-11-22T08:24:20+00:00\",\"dateModified\":\"2024-03-08T14:37:07+00:00\",\"description\":\"Fais un stage d'initiation au m\u00e9tier d'installateur\/trice solaire dans une entreprise pr\u00e8s de chez toi et d\u00e9couvre si ce m\u00e9tier est fait pour toi !\",\"breadcrumb\":{\"@id\":\"https:\/\/solarlehre.ch\/fr\/un-stage-dimmersion-cest-tres-utile\/#breadcrumb\"},\"inLanguage\":\"fr-FR\",\"potentialAction\":[{\"@type\":\"ReadAction\",\"target\":[\"https:\/\/solarlehre.ch\/fr\/un-stage-dimmersion-cest-tres-utile\/\"]}]},{\"@type\":\"ImageObject\",\"inLanguage\":\"fr-FR\",\"@id\":\"https:\/\/solarlehre.ch\/fr\/un-stage-dimmersion-cest-tres-utile\/#primaryimage\",\"url\":\"https:\/\/solarlehre.ch\/wp-content\/uploads\/2023\/11\/Swissolar_Blog-Schnuppern.jpg\",\"contentUrl\":\"https:\/\/solarlehre.ch\/wp-content\/uploads\/2023\/11\/Swissolar_Blog-Schnuppern.jpg\",\"width\":600,\"height\":799},{\"@type\":\"BreadcrumbList\",\"@id\":\"https:\/\/solarlehre.ch\/fr\/un-stage-dimmersion-cest-tres-utile\/#breadcrumb\",\"itemListElement\":[{\"@type\":\"ListItem\",\"position\":1,\"name\":\"Home\",\"item\":\"https:\/\/solarlehre.ch\/fr\/\"},{\"@type\":\"ListItem\",\"position\":2,\"name\":\"Un stage d\u2019immersion, c\u2019est tr\u00e8s utile\"}]},{\"@type\":\"WebSite\",\"@id\":\"https:\/\/solarlehre.ch\/fr\/#website\",\"url\":\"https:\/\/solarlehre.ch\/fr\/\",\"name\":\"Solarlehre - Lerne Solarinstallateur:in\",\"description\":\"\",\"publisher\":{\"@id\":\"https:\/\/solarlehre.ch\/fr\/#organization\"},\"potentialAction\":[{\"@type\":\"SearchAction\",\"target\":{\"@type\":\"EntryPoint\",\"urlTemplate\":\"https:\/\/solarlehre.ch\/fr\/?s={search_term_string}\"},\"query-input\":{\"@type\":\"PropertyValueSpecification\",\"valueRequired\":true,\"valueName\":\"search_term_string\"}}],\"inLanguage\":\"fr-FR\"},{\"@type\":\"Organization\",\"@id\":\"https:\/\/solarlehre.ch\/fr\/#organization\",\"name\":\"Solarlehre - Lerne Solarinstallateur:in\",\"url\":\"https:\/\/solarlehre.ch\/fr\/\",\"logo\":{\"@type\":\"ImageObject\",\"inLanguage\":\"fr-FR\",\"@id\":\"https:\/\/solarlehre.ch\/fr\/#\/schema\/logo\/image\/\",\"url\":\"https:\/\/solarlehre.ch\/wp-content\/uploads\/2021\/02\/logo_negativ.png\",\"contentUrl\":\"https:\/\/solarlehre.ch\/wp-content\/uploads\/2021\/02\/logo_negativ.png\",\"width\":350,\"height\":92,\"caption\":\"Solarlehre - Lerne Solarinstallateur:in\"},\"image\":{\"@id\":\"https:\/\/solarlehre.ch\/fr\/#\/schema\/logo\/image\/\"}},{\"@type\":\"Person\",\"@id\":\"https:\/\/solarlehre.ch\/fr\/#\/schema\/person\/ab52d18c8694a7924908bef1aad28783\",\"name\":\"Valentina Corti\",\"image\":{\"@type\":\"ImageObject\",\"inLanguage\":\"fr-FR\",\"@id\":\"https:\/\/solarlehre.ch\/fr\/#\/schema\/person\/image\/\",\"url\":\"https:\/\/secure.gravatar.com\/avatar\/4c323080a63df9ec7def347d1f57c4ce6430d817a35f718f1d6f681b2138f084?s=96&d=mm&r=g\",\"contentUrl\":\"https:\/\/secure.gravatar.com\/avatar\/4c323080a63df9ec7def347d1f57c4ce6430d817a35f718f1d6f681b2138f084?s=96&d=mm&r=g\",\"caption\":\"Valentina Corti\"}}]}<\/script>\n<!-- \/ Yoast SEO plugin. -->","yoast_head_json":{"title":"Un stage d\u2019immersion, c\u2019est tr\u00e8s utile - Solarlehre - Lerne Solarinstallateur:in","description":"Fais un stage d'initiation au m\u00e9tier d'installateur\/trice solaire dans une entreprise pr\u00e8s de chez toi et d\u00e9couvre si ce m\u00e9tier est fait pour toi !","robots":{"index":"index","follow":"follow","max-snippet":"max-snippet:-1","max-image-preview":"max-image-preview:large","max-video-preview":"max-video-preview:-1"},"canonical":"https:\/\/solarlehre.ch\/fr\/un-stage-dimmersion-cest-tres-utile\/","og_locale":"fr_FR","og_type":"article","og_title":"Un stage d\u2019immersion, c\u2019est tr\u00e8s utile - Solarlehre - Lerne Solarinstallateur:in","og_description":"Fais un stage d'initiation au m\u00e9tier d'installateur\/trice solaire dans une entreprise pr\u00e8s de chez toi et d\u00e9couvre si ce m\u00e9tier est fait pour toi !","og_url":"https:\/\/solarlehre.ch\/fr\/un-stage-dimmersion-cest-tres-utile\/","og_site_name":"Solarlehre - Lerne Solarinstallateur:in","article_published_time":"2023-11-22T08:24:20+00:00","article_modified_time":"2024-03-08T14:37:07+00:00","og_image":[{"width":600,"height":799,"url":"https:\/\/solarlehre.ch\/wp-content\/uploads\/2023\/11\/Swissolar_Blog-Schnuppern.jpg","type":"image\/jpeg"}],"author":"Valentina Corti","twitter_card":"summary_large_image","twitter_misc":{"\u00c9crit par":"Valentina Corti","Dur\u00e9e de lecture estim\u00e9e":"2 minutes"},"schema":{"@context":"https:\/\/schema.org","@graph":[{"@type":"Article","@id":"https:\/\/solarlehre.ch\/fr\/un-stage-dimmersion-cest-tres-utile\/#article","isPartOf":{"@id":"https:\/\/solarlehre.ch\/fr\/un-stage-dimmersion-cest-tres-utile\/"},"author":{"name":"Valentina Corti","@id":"https:\/\/solarlehre.ch\/fr\/#\/schema\/person\/ab52d18c8694a7924908bef1aad28783"},"headline":"Un stage d\u2019immersion, c\u2019est tr\u00e8s utile","datePublished":"2023-11-22T08:24:20+00:00","dateModified":"2024-03-08T14:37:07+00:00","mainEntityOfPage":{"@id":"https:\/\/solarlehre.ch\/fr\/un-stage-dimmersion-cest-tres-utile\/"},"wordCount":489,"commentCount":0,"publisher":{"@id":"https:\/\/solarlehre.ch\/fr\/#organization"},"image":{"@id":"https:\/\/solarlehre.ch\/fr\/un-stage-dimmersion-cest-tres-utile\/#primaryimage"},"thumbnailUrl":"https:\/\/solarlehre.ch\/wp-content\/uploads\/2023\/11\/Swissolar_Blog-Schnuppern.jpg","keywords":["Mod\u00e8le 2"],"articleSection":["G\u00e9n\u00e9ral"],"inLanguage":"fr-FR","potentialAction":[{"@type":"CommentAction","name":"Comment","target":["https:\/\/solarlehre.ch\/fr\/un-stage-dimmersion-cest-tres-utile\/#respond"]}]},{"@type":"WebPage","@id":"https:\/\/solarlehre.ch\/fr\/un-stage-dimmersion-cest-tres-utile\/","url":"https:\/\/solarlehre.ch\/fr\/un-stage-dimmersion-cest-tres-utile\/","name":"Un stage d\u2019immersion, c\u2019est tr\u00e8s utile - Solarlehre - Lerne Solarinstallateur:in","isPartOf":{"@id":"https:\/\/solarlehre.ch\/fr\/#website"},"primaryImageOfPage":{"@id":"https:\/\/solarlehre.ch\/fr\/un-stage-dimmersion-cest-tres-utile\/#primaryimage"},"image":{"@id":"https:\/\/solarlehre.ch\/fr\/un-stage-dimmersion-cest-tres-utile\/#primaryimage"},"thumbnailUrl":"https:\/\/solarlehre.ch\/wp-content\/uploads\/2023\/11\/Swissolar_Blog-Schnuppern.jpg","datePublished":"2023-11-22T08:24:20+00:00","dateModified":"2024-03-08T14:37:07+00:00","description":"Fais un stage d'initiation au m\u00e9tier d'installateur\/trice solaire dans une entreprise pr\u00e8s de chez toi et d\u00e9couvre si ce m\u00e9tier est fait pour toi !","breadcrumb":{"@id":"https:\/\/solarlehre.ch\/fr\/un-stage-dimmersion-cest-tres-utile\/#breadcrumb"},"inLanguage":"fr-FR","potentialAction":[{"@type":"ReadAction","target":["https:\/\/solarlehre.ch\/fr\/un-stage-dimmersion-cest-tres-utile\/"]}]},{"@type":"ImageObject","inLanguage":"fr-FR","@id":"https:\/\/solarlehre.ch\/fr\/un-stage-dimmersion-cest-tres-utile\/#primaryimage","url":"https:\/\/solarlehre.ch\/wp-content\/uploads\/2023\/11\/Swissolar_Blog-Schnuppern.jpg","contentUrl":"https:\/\/solarlehre.ch\/wp-content\/uploads\/2023\/11\/Swissolar_Blog-Schnuppern.jpg","width":600,"height":799},{"@type":"BreadcrumbList","@id":"https:\/\/solarlehre.ch\/fr\/un-stage-dimmersion-cest-tres-utile\/#breadcrumb","itemListElement":[{"@type":"ListItem","position":1,"name":"Home","item":"https:\/\/solarlehre.ch\/fr\/"},{"@type":"ListItem","position":2,"name":"Un stage d\u2019immersion, c\u2019est tr\u00e8s utile"}]},{"@type":"WebSite","@id":"https:\/\/solarlehre.ch\/fr\/#website","url":"https:\/\/solarlehre.ch\/fr\/","name":"Solarlehre - Lerne Solarinstallateur:in","description":"","publisher":{"@id":"https:\/\/solarlehre.ch\/fr\/#organization"},"potentialAction":[{"@type":"SearchAction","target":{"@type":"EntryPoint","urlTemplate":"https:\/\/solarlehre.ch\/fr\/?s={search_term_string}"},"query-input":{"@type":"PropertyValueSpecification","valueRequired":true,"valueName":"search_term_string"}}],"inLanguage":"fr-FR"},{"@type":"Organization","@id":"https:\/\/solarlehre.ch\/fr\/#organization","name":"Solarlehre - Lerne Solarinstallateur:in","url":"https:\/\/solarlehre.ch\/fr\/","logo":{"@type":"ImageObject","inLanguage":"fr-FR","@id":"https:\/\/solarlehre.ch\/fr\/#\/schema\/logo\/image\/","url":"https:\/\/solarlehre.ch\/wp-content\/uploads\/2021\/02\/logo_negativ.png","contentUrl":"https:\/\/solarlehre.ch\/wp-content\/uploads\/2021\/02\/logo_negativ.png","width":350,"height":92,"caption":"Solarlehre - Lerne Solarinstallateur:in"},"image":{"@id":"https:\/\/solarlehre.ch\/fr\/#\/schema\/logo\/image\/"}},{"@type":"Person","@id":"https:\/\/solarlehre.ch\/fr\/#\/schema\/person\/ab52d18c8694a7924908bef1aad28783","name":"Valentina Corti","image":{"@type":"ImageObject","inLanguage":"fr-FR","@id":"https:\/\/solarlehre.ch\/fr\/#\/schema\/person\/image\/","url":"https:\/\/secure.gravatar.com\/avatar\/4c323080a63df9ec7def347d1f57c4ce6430d817a35f718f1d6f681b2138f084?s=96&d=mm&r=g","contentUrl":"https:\/\/secure.gravatar.com\/avatar\/4c323080a63df9ec7def347d1f57c4ce6430d817a35f718f1d6f681b2138f084?s=96&d=mm&r=g","caption":"Valentina Corti"}}]}},"_links":{"self":[{"href":"https:\/\/solarlehre.ch\/fr\/wp-json\/wp\/v2\/posts\/7522","targetHints":{"allow":["GET"]}}],"collection":[{"href":"https:\/\/solarlehre.ch\/fr\/wp-json\/wp\/v2\/posts"}],"about":[{"href":"https:\/\/solarlehre.ch\/fr\/wp-json\/wp\/v2\/types\/post"}],"author":[{"embeddable":true,"href":"https:\/\/solarlehre.ch\/fr\/wp-json\/wp\/v2\/users\/13"}],"replies":[{"embeddable":true,"href":"https:\/\/solarlehre.ch\/fr\/wp-json\/wp\/v2\/comments?post=7522"}],"version-history":[{"count":22,"href":"https:\/\/solarlehre.ch\/fr\/wp-json\/wp\/v2\/posts\/7522\/revisions"}],"predecessor-version":[{"id":9268,"href":"https:\/\/solarlehre.ch\/fr\/wp-json\/wp\/v2\/posts\/7522\/revisions\/9268"}],"wp:featuredmedia":[{"embeddable":true,"href":"https:\/\/solarlehre.ch\/fr\/wp-json\/wp\/v2\/media\/7400"}],"wp:attachment":[{"href":"https:\/\/solarlehre.ch\/fr\/wp-json\/wp\/v2\/media?parent=7522"}],"wp:term":[{"taxonomy":"category","embeddable":true,"href":"https:\/\/solarlehre.ch\/fr\/wp-json\/wp\/v2\/categories?post=7522"},{"taxonomy":"post_tag","embeddable":true,"href":"https:\/\/solarlehre.ch\/fr\/wp-json\/wp\/v2\/tags?post=7522"}],"curies":[{"name":"wp","href":"https:\/\/api.w.org\/{rel}","templated":true}]}}