{"id":4931,"date":"2023-05-30T16:07:00","date_gmt":"2023-05-30T14:07:00","guid":{"rendered":"https:\/\/solarlehre.ch\/apprentissage-avec-maturite-professionnelle-que-je-dois-savoir\/"},"modified":"2024-05-13T11:35:03","modified_gmt":"2024-05-13T09:35:03","slug":"apprentissage-avec-maturite-professionnelle-que-je-dois-savoir","status":"publish","type":"post","link":"https:\/\/solarlehre.ch\/fr\/apprentissage-avec-maturite-professionnelle-que-je-dois-savoir\/","title":{"rendered":"Apprentissage avec maturit\u00e9 professionnelle &#8211; que dois-je savoir ?"},"content":{"rendered":"","protected":false},"excerpt":{"rendered":"<p>Passer le baccalaur\u00e9at professionnel ? Avec l&rsquo;apprentissage d&rsquo;installateur(trice) solaire, pas de probl\u00e8me ! Tout ce qu&rsquo;il faut, ce sont de bonnes notes en secondaire, une entreprise d&rsquo;apprentissage qui accepte et la motivation d&rsquo;aller un peu plus vite que la moyenne.  <\/p>\n<p>Vous pouvez passer la maturit\u00e9 professionnelle non seulement pendant, mais aussi apr\u00e8s l&rsquo;apprentissage. Ensuite, elle dure un an si vous \u00eates scolaris\u00e9 \u00e0 temps plein et un an et demi \u00e0 deux ans si vous travaillez \u00e0 c\u00f4t\u00e9. Avec ce dipl\u00f4me, de nombreuses possibilit\u00e9s professionnelles s&rsquo;offrent \u00e0 toi : Si tu es titulaire d&rsquo;un baccalaur\u00e9at professionnel, tu peux \u00e9tudier directement dans une haute \u00e9cole sp\u00e9cialis\u00e9e. Il est m\u00eame possible d&rsquo;\u00e9tudier \u00e0 l&rsquo;universit\u00e9 : pour cela, il vous suffit de suivre une passerelle d&rsquo;un an.  <\/p>\n","protected":false},"author":2,"featured_media":4851,"comment_status":"open","ping_status":"open","sticky":false,"template":"","format":"standard","meta":{"_acf_changed":false,"footnotes":""},"categories":[54],"tags":[],"class_list":["post-4931","post","type-post","status-publish","format-standard","has-post-thumbnail","hentry","category-non-classifiee"],"acf":[],"yoast_head":"<!-- This site is optimized with the Yoast SEO plugin v27.0 - https:\/\/yoast.com\/product\/yoast-seo-wordpress\/ -->\n<title>Apprentissage avec maturit\u00e9 professionnelle - que dois-je savoir ? - Formation solaire<\/title>\n<meta name=\"description\" content=\"Faire la maturit\u00e9 professionnelle ? Avec l\u2019apprentissage d\u2019installatrice\/installateur solaire, pas de probl\u00e8me ! D\u00e9couvre tout ce qu&#039;il faut ici\" \/>\n<meta name=\"robots\" content=\"index, follow, max-snippet:-1, max-image-preview:large, max-video-preview:-1\" \/>\n<link rel=\"canonical\" href=\"https:\/\/solarlehre.ch\/fr\/apprentissage-avec-maturite-professionnelle-que-je-dois-savoir\/\" \/>\n<meta property=\"og:locale\" content=\"fr_FR\" \/>\n<meta property=\"og:type\" content=\"article\" \/>\n<meta property=\"og:title\" content=\"Apprentissage avec maturit\u00e9 professionnelle - que dois-je savoir ? - Formation solaire\" \/>\n<meta property=\"og:description\" content=\"Faire la maturit\u00e9 professionnelle ? Avec l\u2019apprentissage d\u2019installatrice\/installateur solaire, pas de probl\u00e8me ! D\u00e9couvre tout ce qu&#039;il faut ici\" \/>\n<meta property=\"og:url\" content=\"https:\/\/solarlehre.ch\/fr\/apprentissage-avec-maturite-professionnelle-que-je-dois-savoir\/\" \/>\n<meta property=\"og:site_name\" content=\"Solarlehre - Lerne Solarinstallateur:in\" \/>\n<meta property=\"article:published_time\" content=\"2023-05-30T14:07:00+00:00\" \/>\n<meta property=\"article:modified_time\" content=\"2024-05-13T09:35:03+00:00\" \/>\n<meta property=\"og:image\" content=\"https:\/\/solarlehre.ch\/wp-content\/uploads\/2023\/06\/SOLA-Blog-Berufsmatura-1_Dauer.png\" \/>\n\t<meta property=\"og:image:width\" content=\"650\" \/>\n\t<meta property=\"og:image:height\" content=\"650\" \/>\n\t<meta property=\"og:image:type\" content=\"image\/png\" \/>\n<meta name=\"author\" content=\"molotow admin\" \/>\n<meta name=\"twitter:card\" content=\"summary_large_image\" \/>\n<meta name=\"twitter:label1\" content=\"\u00c9crit par\" \/>\n\t<meta name=\"twitter:data1\" content=\"molotow admin\" \/>\n<script type=\"application\/ld+json\" class=\"yoast-schema-graph\">{\"@context\":\"https:\/\/schema.org\",\"@graph\":[{\"@type\":\"Article\",\"@id\":\"https:\/\/solarlehre.ch\/fr\/apprentissage-avec-maturite-professionnelle-que-je-dois-savoir\/#article\",\"isPartOf\":{\"@id\":\"https:\/\/solarlehre.ch\/fr\/apprentissage-avec-maturite-professionnelle-que-je-dois-savoir\/\"},\"author\":{\"name\":\"molotow admin\",\"@id\":\"https:\/\/solarlehre.ch\/fr\/#\/schema\/person\/c4113b35e9b058c8996fc437e7aadc9e\"},\"headline\":\"Apprentissage avec maturit\u00e9 professionnelle &#8211; que dois-je savoir ?\",\"datePublished\":\"2023-05-30T14:07:00+00:00\",\"dateModified\":\"2024-05-13T09:35:03+00:00\",\"mainEntityOfPage\":{\"@id\":\"https:\/\/solarlehre.ch\/fr\/apprentissage-avec-maturite-professionnelle-que-je-dois-savoir\/\"},\"wordCount\":8,\"commentCount\":0,\"publisher\":{\"@id\":\"https:\/\/solarlehre.ch\/fr\/#organization\"},\"image\":{\"@id\":\"https:\/\/solarlehre.ch\/fr\/apprentissage-avec-maturite-professionnelle-que-je-dois-savoir\/#primaryimage\"},\"thumbnailUrl\":\"https:\/\/solarlehre.ch\/wp-content\/uploads\/2023\/06\/SOLA-Blog-Berufsmatura-1_Dauer.png\",\"articleSection\":[\"G\u00e9n\u00e9ral\"],\"inLanguage\":\"fr-FR\",\"potentialAction\":[{\"@type\":\"CommentAction\",\"name\":\"Comment\",\"target\":[\"https:\/\/solarlehre.ch\/fr\/apprentissage-avec-maturite-professionnelle-que-je-dois-savoir\/#respond\"]}]},{\"@type\":\"WebPage\",\"@id\":\"https:\/\/solarlehre.ch\/fr\/apprentissage-avec-maturite-professionnelle-que-je-dois-savoir\/\",\"url\":\"https:\/\/solarlehre.ch\/fr\/apprentissage-avec-maturite-professionnelle-que-je-dois-savoir\/\",\"name\":\"Apprentissage avec maturit\u00e9 professionnelle - que dois-je savoir ? - Formation solaire\",\"isPartOf\":{\"@id\":\"https:\/\/solarlehre.ch\/fr\/#website\"},\"primaryImageOfPage\":{\"@id\":\"https:\/\/solarlehre.ch\/fr\/apprentissage-avec-maturite-professionnelle-que-je-dois-savoir\/#primaryimage\"},\"image\":{\"@id\":\"https:\/\/solarlehre.ch\/fr\/apprentissage-avec-maturite-professionnelle-que-je-dois-savoir\/#primaryimage\"},\"thumbnailUrl\":\"https:\/\/solarlehre.ch\/wp-content\/uploads\/2023\/06\/SOLA-Blog-Berufsmatura-1_Dauer.png\",\"datePublished\":\"2023-05-30T14:07:00+00:00\",\"dateModified\":\"2024-05-13T09:35:03+00:00\",\"description\":\"Faire la maturit\u00e9 professionnelle ? Avec l\u2019apprentissage d\u2019installatrice\/installateur solaire, pas de probl\u00e8me ! D\u00e9couvre tout ce qu'il faut ici\",\"breadcrumb\":{\"@id\":\"https:\/\/solarlehre.ch\/fr\/apprentissage-avec-maturite-professionnelle-que-je-dois-savoir\/#breadcrumb\"},\"inLanguage\":\"fr-FR\",\"potentialAction\":[{\"@type\":\"ReadAction\",\"target\":[\"https:\/\/solarlehre.ch\/fr\/apprentissage-avec-maturite-professionnelle-que-je-dois-savoir\/\"]}]},{\"@type\":\"ImageObject\",\"inLanguage\":\"fr-FR\",\"@id\":\"https:\/\/solarlehre.ch\/fr\/apprentissage-avec-maturite-professionnelle-que-je-dois-savoir\/#primaryimage\",\"url\":\"https:\/\/solarlehre.ch\/wp-content\/uploads\/2023\/06\/SOLA-Blog-Berufsmatura-1_Dauer.png\",\"contentUrl\":\"https:\/\/solarlehre.ch\/wp-content\/uploads\/2023\/06\/SOLA-Blog-Berufsmatura-1_Dauer.png\",\"width\":650,\"height\":650,\"caption\":\"Icon Kampagne Swissolar Solarlehre\"},{\"@type\":\"BreadcrumbList\",\"@id\":\"https:\/\/solarlehre.ch\/fr\/apprentissage-avec-maturite-professionnelle-que-je-dois-savoir\/#breadcrumb\",\"itemListElement\":[{\"@type\":\"ListItem\",\"position\":1,\"name\":\"Home\",\"item\":\"https:\/\/solarlehre.ch\/fr\/\"},{\"@type\":\"ListItem\",\"position\":2,\"name\":\"Apprentissage avec maturit\u00e9 professionnelle &#8211; que dois-je savoir ?\"}]},{\"@type\":\"WebSite\",\"@id\":\"https:\/\/solarlehre.ch\/fr\/#website\",\"url\":\"https:\/\/solarlehre.ch\/fr\/\",\"name\":\"Solarlehre - Lerne Solarinstallateur:in\",\"description\":\"\",\"publisher\":{\"@id\":\"https:\/\/solarlehre.ch\/fr\/#organization\"},\"potentialAction\":[{\"@type\":\"SearchAction\",\"target\":{\"@type\":\"EntryPoint\",\"urlTemplate\":\"https:\/\/solarlehre.ch\/fr\/?s={search_term_string}\"},\"query-input\":{\"@type\":\"PropertyValueSpecification\",\"valueRequired\":true,\"valueName\":\"search_term_string\"}}],\"inLanguage\":\"fr-FR\"},{\"@type\":\"Organization\",\"@id\":\"https:\/\/solarlehre.ch\/fr\/#organization\",\"name\":\"Solarlehre - Lerne Solarinstallateur:in\",\"url\":\"https:\/\/solarlehre.ch\/fr\/\",\"logo\":{\"@type\":\"ImageObject\",\"inLanguage\":\"fr-FR\",\"@id\":\"https:\/\/solarlehre.ch\/fr\/#\/schema\/logo\/image\/\",\"url\":\"https:\/\/solarlehre.ch\/wp-content\/uploads\/2021\/02\/logo_negativ.png\",\"contentUrl\":\"https:\/\/solarlehre.ch\/wp-content\/uploads\/2021\/02\/logo_negativ.png\",\"width\":350,\"height\":92,\"caption\":\"Solarlehre - Lerne Solarinstallateur:in\"},\"image\":{\"@id\":\"https:\/\/solarlehre.ch\/fr\/#\/schema\/logo\/image\/\"}},{\"@type\":\"Person\",\"@id\":\"https:\/\/solarlehre.ch\/fr\/#\/schema\/person\/c4113b35e9b058c8996fc437e7aadc9e\",\"name\":\"molotow admin\",\"image\":{\"@type\":\"ImageObject\",\"inLanguage\":\"fr-FR\",\"@id\":\"https:\/\/solarlehre.ch\/fr\/#\/schema\/person\/image\/\",\"url\":\"https:\/\/secure.gravatar.com\/avatar\/49cd4329817e3b6122984b9982e17e32034783f57befaf5d6d4a876c95c35bae?s=96&d=mm&r=g\",\"contentUrl\":\"https:\/\/secure.gravatar.com\/avatar\/49cd4329817e3b6122984b9982e17e32034783f57befaf5d6d4a876c95c35bae?s=96&d=mm&r=g\",\"caption\":\"molotow admin\"}}]}<\/script>\n<!-- \/ Yoast SEO plugin. -->","yoast_head_json":{"title":"Apprentissage avec maturit\u00e9 professionnelle - que dois-je savoir ? - Formation solaire","description":"Faire la maturit\u00e9 professionnelle ? Avec l\u2019apprentissage d\u2019installatrice\/installateur solaire, pas de probl\u00e8me ! D\u00e9couvre tout ce qu'il faut ici","robots":{"index":"index","follow":"follow","max-snippet":"max-snippet:-1","max-image-preview":"max-image-preview:large","max-video-preview":"max-video-preview:-1"},"canonical":"https:\/\/solarlehre.ch\/fr\/apprentissage-avec-maturite-professionnelle-que-je-dois-savoir\/","og_locale":"fr_FR","og_type":"article","og_title":"Apprentissage avec maturit\u00e9 professionnelle - que dois-je savoir ? - Formation solaire","og_description":"Faire la maturit\u00e9 professionnelle ? Avec l\u2019apprentissage d\u2019installatrice\/installateur solaire, pas de probl\u00e8me ! D\u00e9couvre tout ce qu'il faut ici","og_url":"https:\/\/solarlehre.ch\/fr\/apprentissage-avec-maturite-professionnelle-que-je-dois-savoir\/","og_site_name":"Solarlehre - Lerne Solarinstallateur:in","article_published_time":"2023-05-30T14:07:00+00:00","article_modified_time":"2024-05-13T09:35:03+00:00","og_image":[{"width":650,"height":650,"url":"https:\/\/solarlehre.ch\/wp-content\/uploads\/2023\/06\/SOLA-Blog-Berufsmatura-1_Dauer.png","type":"image\/png"}],"author":"molotow admin","twitter_card":"summary_large_image","twitter_misc":{"\u00c9crit par":"molotow admin"},"schema":{"@context":"https:\/\/schema.org","@graph":[{"@type":"Article","@id":"https:\/\/solarlehre.ch\/fr\/apprentissage-avec-maturite-professionnelle-que-je-dois-savoir\/#article","isPartOf":{"@id":"https:\/\/solarlehre.ch\/fr\/apprentissage-avec-maturite-professionnelle-que-je-dois-savoir\/"},"author":{"name":"molotow admin","@id":"https:\/\/solarlehre.ch\/fr\/#\/schema\/person\/c4113b35e9b058c8996fc437e7aadc9e"},"headline":"Apprentissage avec maturit\u00e9 professionnelle &#8211; que dois-je savoir ?","datePublished":"2023-05-30T14:07:00+00:00","dateModified":"2024-05-13T09:35:03+00:00","mainEntityOfPage":{"@id":"https:\/\/solarlehre.ch\/fr\/apprentissage-avec-maturite-professionnelle-que-je-dois-savoir\/"},"wordCount":8,"commentCount":0,"publisher":{"@id":"https:\/\/solarlehre.ch\/fr\/#organization"},"image":{"@id":"https:\/\/solarlehre.ch\/fr\/apprentissage-avec-maturite-professionnelle-que-je-dois-savoir\/#primaryimage"},"thumbnailUrl":"https:\/\/solarlehre.ch\/wp-content\/uploads\/2023\/06\/SOLA-Blog-Berufsmatura-1_Dauer.png","articleSection":["G\u00e9n\u00e9ral"],"inLanguage":"fr-FR","potentialAction":[{"@type":"CommentAction","name":"Comment","target":["https:\/\/solarlehre.ch\/fr\/apprentissage-avec-maturite-professionnelle-que-je-dois-savoir\/#respond"]}]},{"@type":"WebPage","@id":"https:\/\/solarlehre.ch\/fr\/apprentissage-avec-maturite-professionnelle-que-je-dois-savoir\/","url":"https:\/\/solarlehre.ch\/fr\/apprentissage-avec-maturite-professionnelle-que-je-dois-savoir\/","name":"Apprentissage avec maturit\u00e9 professionnelle - que dois-je savoir ? - Formation solaire","isPartOf":{"@id":"https:\/\/solarlehre.ch\/fr\/#website"},"primaryImageOfPage":{"@id":"https:\/\/solarlehre.ch\/fr\/apprentissage-avec-maturite-professionnelle-que-je-dois-savoir\/#primaryimage"},"image":{"@id":"https:\/\/solarlehre.ch\/fr\/apprentissage-avec-maturite-professionnelle-que-je-dois-savoir\/#primaryimage"},"thumbnailUrl":"https:\/\/solarlehre.ch\/wp-content\/uploads\/2023\/06\/SOLA-Blog-Berufsmatura-1_Dauer.png","datePublished":"2023-05-30T14:07:00+00:00","dateModified":"2024-05-13T09:35:03+00:00","description":"Faire la maturit\u00e9 professionnelle ? Avec l\u2019apprentissage d\u2019installatrice\/installateur solaire, pas de probl\u00e8me ! D\u00e9couvre tout ce qu'il faut ici","breadcrumb":{"@id":"https:\/\/solarlehre.ch\/fr\/apprentissage-avec-maturite-professionnelle-que-je-dois-savoir\/#breadcrumb"},"inLanguage":"fr-FR","potentialAction":[{"@type":"ReadAction","target":["https:\/\/solarlehre.ch\/fr\/apprentissage-avec-maturite-professionnelle-que-je-dois-savoir\/"]}]},{"@type":"ImageObject","inLanguage":"fr-FR","@id":"https:\/\/solarlehre.ch\/fr\/apprentissage-avec-maturite-professionnelle-que-je-dois-savoir\/#primaryimage","url":"https:\/\/solarlehre.ch\/wp-content\/uploads\/2023\/06\/SOLA-Blog-Berufsmatura-1_Dauer.png","contentUrl":"https:\/\/solarlehre.ch\/wp-content\/uploads\/2023\/06\/SOLA-Blog-Berufsmatura-1_Dauer.png","width":650,"height":650,"caption":"Icon Kampagne Swissolar Solarlehre"},{"@type":"BreadcrumbList","@id":"https:\/\/solarlehre.ch\/fr\/apprentissage-avec-maturite-professionnelle-que-je-dois-savoir\/#breadcrumb","itemListElement":[{"@type":"ListItem","position":1,"name":"Home","item":"https:\/\/solarlehre.ch\/fr\/"},{"@type":"ListItem","position":2,"name":"Apprentissage avec maturit\u00e9 professionnelle &#8211; que dois-je savoir ?"}]},{"@type":"WebSite","@id":"https:\/\/solarlehre.ch\/fr\/#website","url":"https:\/\/solarlehre.ch\/fr\/","name":"Solarlehre - Lerne Solarinstallateur:in","description":"","publisher":{"@id":"https:\/\/solarlehre.ch\/fr\/#organization"},"potentialAction":[{"@type":"SearchAction","target":{"@type":"EntryPoint","urlTemplate":"https:\/\/solarlehre.ch\/fr\/?s={search_term_string}"},"query-input":{"@type":"PropertyValueSpecification","valueRequired":true,"valueName":"search_term_string"}}],"inLanguage":"fr-FR"},{"@type":"Organization","@id":"https:\/\/solarlehre.ch\/fr\/#organization","name":"Solarlehre - Lerne Solarinstallateur:in","url":"https:\/\/solarlehre.ch\/fr\/","logo":{"@type":"ImageObject","inLanguage":"fr-FR","@id":"https:\/\/solarlehre.ch\/fr\/#\/schema\/logo\/image\/","url":"https:\/\/solarlehre.ch\/wp-content\/uploads\/2021\/02\/logo_negativ.png","contentUrl":"https:\/\/solarlehre.ch\/wp-content\/uploads\/2021\/02\/logo_negativ.png","width":350,"height":92,"caption":"Solarlehre - Lerne Solarinstallateur:in"},"image":{"@id":"https:\/\/solarlehre.ch\/fr\/#\/schema\/logo\/image\/"}},{"@type":"Person","@id":"https:\/\/solarlehre.ch\/fr\/#\/schema\/person\/c4113b35e9b058c8996fc437e7aadc9e","name":"molotow admin","image":{"@type":"ImageObject","inLanguage":"fr-FR","@id":"https:\/\/solarlehre.ch\/fr\/#\/schema\/person\/image\/","url":"https:\/\/secure.gravatar.com\/avatar\/49cd4329817e3b6122984b9982e17e32034783f57befaf5d6d4a876c95c35bae?s=96&d=mm&r=g","contentUrl":"https:\/\/secure.gravatar.com\/avatar\/49cd4329817e3b6122984b9982e17e32034783f57befaf5d6d4a876c95c35bae?s=96&d=mm&r=g","caption":"molotow admin"}}]}},"_links":{"self":[{"href":"https:\/\/solarlehre.ch\/fr\/wp-json\/wp\/v2\/posts\/4931","targetHints":{"allow":["GET"]}}],"collection":[{"href":"https:\/\/solarlehre.ch\/fr\/wp-json\/wp\/v2\/posts"}],"about":[{"href":"https:\/\/solarlehre.ch\/fr\/wp-json\/wp\/v2\/types\/post"}],"author":[{"embeddable":true,"href":"https:\/\/solarlehre.ch\/fr\/wp-json\/wp\/v2\/users\/2"}],"replies":[{"embeddable":true,"href":"https:\/\/solarlehre.ch\/fr\/wp-json\/wp\/v2\/comments?post=4931"}],"version-history":[{"count":2,"href":"https:\/\/solarlehre.ch\/fr\/wp-json\/wp\/v2\/posts\/4931\/revisions"}],"predecessor-version":[{"id":9636,"href":"https:\/\/solarlehre.ch\/fr\/wp-json\/wp\/v2\/posts\/4931\/revisions\/9636"}],"wp:featuredmedia":[{"embeddable":true,"href":"https:\/\/solarlehre.ch\/fr\/wp-json\/wp\/v2\/media\/4851"}],"wp:attachment":[{"href":"https:\/\/solarlehre.ch\/fr\/wp-json\/wp\/v2\/media?parent=4931"}],"wp:term":[{"taxonomy":"category","embeddable":true,"href":"https:\/\/solarlehre.ch\/fr\/wp-json\/wp\/v2\/categories?post=4931"},{"taxonomy":"post_tag","embeddable":true,"href":"https:\/\/solarlehre.ch\/fr\/wp-json\/wp\/v2\/tags?post=4931"}],"curies":[{"name":"wp","href":"https:\/\/api.w.org\/{rel}","templated":true}]}}